{"id":120799,"date":"2020-03-13T12:21:53","date_gmt":"2020-03-13T16:21:53","guid":{"rendered":"https:\/\/www.aecl.ca\/?p=120799"},"modified":"2020-03-13T12:21:53","modified_gmt":"2020-03-13T16:21:53","slug":"declaration-deacl-au-sujet-du-covid-19","status":"publish","type":"post","link":"https:\/\/www.aecl.ca\/fr\/declaration-deacl-au-sujet-du-covid-19\/","title":{"rendered":"D\u00e9claration d\u2019EACL au sujet du COVID-19"},"content":{"rendered":"<p>\u00c0 la lumi\u00e8re des circonstances changeantes entourant le COVID-19 et comme le font les institutions et organisations internationales et canadiennes, EACL se tient au courant de la situation actuelle et prend des pr\u00e9cautions pour assurer la sant\u00e9 et la s\u00e9curit\u00e9 de ses employ\u00e9s, partenaires, collaborateurs, visiteurs et du public.<\/p>\n<p>Par l&rsquo;interm\u00e9diaire de son comit\u00e9 de sant\u00e9 et de s\u00e9curit\u00e9, EACL continue de mettre \u00e0 jour son plan et son protocole pour r\u00e9pondre au COVID-19, en se fondant sur les informations les plus r\u00e9centes de l&rsquo;Organisation mondiale de la sant\u00e9, du gouvernement du Canada et des autorit\u00e9s provinciales de sant\u00e9 publique. \u00c0 l&rsquo;heure actuelle, EACL a mis en \u0153uvre un certain nombre de mesures pour aider \u00e0 r\u00e9duire le risque d&rsquo;infection et \u00e0 ralentir la propagation du virus, notamment en \u00e9liminant les voyages non essentiels et en encourageant les employ\u00e9s \u00e0 travailler \u00e0 domicile.<\/p>\n<p>Bien qu&rsquo;\u00e0 l&rsquo;heure actuelle le risque pour les employ\u00e9s d&rsquo;EACL soit faible, nous sommes conscients que la situation continue d&rsquo;\u00e9voluer. EACL continuera \u00e0 prendre des mesures pour att\u00e9nuer les risques et se pr\u00e9parer \u00e0 divers sc\u00e9narios, en fonction des informations fournies par les autorit\u00e9s f\u00e9d\u00e9rales et provinciales.<\/p>\n<p>EACL supervise \u00e9galement les mesures prises par les Laboratoires nucl\u00e9aires canadiens (LNC) pour se pr\u00e9parer et assurer la poursuite de l&rsquo;exploitation s\u00e9curitaire des sites d&rsquo;EACL. Pour de plus amples renseignements, veuillez consulter le site web des LNC.<\/p>\n","protected":false},"excerpt":{"rendered":"<p>\u00c0 la lumi\u00e8re des circonstances changeantes entourant le COVID-19 et comme le font les institutions et organisations internationales et canadiennes, EACL se tient au courant de la situation actuelle et prend des pr\u00e9cautions pour assurer la sant\u00e9 et la s\u00e9curit\u00e9 de ses employ\u00e9s, partenaires, collaborateurs, visiteurs et du public. Par l&rsquo;interm\u00e9diaire de son comit\u00e9 de [&hellip;]<\/p>\n","protected":false},"author":5,"featured_media":0,"comment_status":"closed","ping_status":"closed","sticky":false,"template":"","format":"standard","meta":{"_acf_changed":false,"_et_pb_use_builder":"","_et_pb_old_content":"","_et_gb_content_width":"","footnotes":""},"categories":[16],"tags":[],"class_list":["post-120799","post","type-post","status-publish","format-standard","hentry","category-non-classifiee"],"acf":[],"yoast_head":"<!-- This site is optimized with the Yoast SEO Premium plugin v27.1 (Yoast SEO v27.1.1) - https:\/\/yoast.com\/product\/yoast-seo-premium-wordpress\/ -->\n<title>D\u00e9claration d\u2019EACL au sujet du COVID-19 - EACL<\/title>\n<meta name=\"description\" content=\"\u00c0 la lumi\u00e8re des circonstances changeantes entourant le COVID-19 et comme le font les institutions et organisations internationales et canadiennes, EACL\" \/>\n<meta name=\"robots\" content=\"index, follow, max-snippet:-1, max-image-preview:large, max-video-preview:-1\" \/>\n<link rel=\"canonical\" href=\"https:\/\/www.aecl.ca\/fr\/declaration-deacl-au-sujet-du-covid-19\/\" \/>\n<meta property=\"og:locale\" content=\"fr_FR\" \/>\n<meta property=\"og:type\" content=\"article\" \/>\n<meta property=\"og:title\" content=\"D\u00e9claration d\u2019EACL au sujet du COVID-19\" \/>\n<meta property=\"og:description\" content=\"\u00c0 la lumi\u00e8re des circonstances changeantes entourant le COVID-19 et comme le font les institutions et organisations internationales et canadiennes, EACL\" \/>\n<meta property=\"og:url\" content=\"https:\/\/www.aecl.ca\/fr\/declaration-deacl-au-sujet-du-covid-19\/\" \/>\n<meta property=\"og:site_name\" content=\"EACL\" \/>\n<meta property=\"article:published_time\" content=\"2020-03-13T16:21:53+00:00\" \/>\n<meta property=\"og:image\" content=\"https:\/\/www.aecl.ca\/wp-content\/uploads\/2019\/01\/AECL-Stacked-Blue.png\" \/>\n\t<meta property=\"og:image:width\" content=\"1600\" \/>\n\t<meta property=\"og:image:height\" content=\"560\" \/>\n\t<meta property=\"og:image:type\" content=\"image\/png\" \/>\n<meta name=\"author\" content=\"Maude-\u00c9milie Page\" \/>\n<meta name=\"twitter:card\" content=\"summary_large_image\" \/>\n<meta name=\"twitter:creator\" content=\"@AECL_EACL\" \/>\n<meta name=\"twitter:site\" content=\"@AECL_EACL\" \/>\n<meta name=\"twitter:label1\" content=\"\u00c9crit par\" \/>\n\t<meta name=\"twitter:data1\" content=\"Maude-\u00c9milie Page\" \/>\n\t<meta name=\"twitter:label2\" content=\"Dur\u00e9e de lecture estim\u00e9e\" \/>\n\t<meta name=\"twitter:data2\" content=\"1 minute\" \/>\n<script type=\"application\/ld+json\" class=\"yoast-schema-graph\">{\"@context\":\"https:\/\/schema.org\",\"@graph\":[{\"@type\":\"Article\",\"@id\":\"https:\/\/www.aecl.ca\/fr\/declaration-deacl-au-sujet-du-covid-19\/#article\",\"isPartOf\":{\"@id\":\"https:\/\/www.aecl.ca\/fr\/declaration-deacl-au-sujet-du-covid-19\/\"},\"author\":{\"name\":\"Maude-\u00c9milie Page\",\"@id\":\"https:\/\/www.aecl.ca\/fr\/#\/schema\/person\/40f0e182e778835701c974a17962684d\"},\"headline\":\"D\u00e9claration d\u2019EACL au sujet du COVID-19\",\"datePublished\":\"2020-03-13T16:21:53+00:00\",\"mainEntityOfPage\":{\"@id\":\"https:\/\/www.aecl.ca\/fr\/declaration-deacl-au-sujet-du-covid-19\/\"},\"wordCount\":256,\"publisher\":{\"@id\":\"https:\/\/www.aecl.ca\/fr\/#organization\"},\"articleSection\":[\"Non classifi\u00e9(e)\"],\"inLanguage\":\"fr-FR\"},{\"@type\":\"WebPage\",\"@id\":\"https:\/\/www.aecl.ca\/fr\/declaration-deacl-au-sujet-du-covid-19\/\",\"url\":\"https:\/\/www.aecl.ca\/fr\/declaration-deacl-au-sujet-du-covid-19\/\",\"name\":\"D\u00e9claration d\u2019EACL au sujet du COVID-19 - EACL\",\"isPartOf\":{\"@id\":\"https:\/\/www.aecl.ca\/fr\/#website\"},\"datePublished\":\"2020-03-13T16:21:53+00:00\",\"description\":\"\u00c0 la lumi\u00e8re des circonstances changeantes entourant le COVID-19 et comme le font les institutions et organisations internationales et canadiennes, EACL\",\"breadcrumb\":{\"@id\":\"https:\/\/www.aecl.ca\/fr\/declaration-deacl-au-sujet-du-covid-19\/#breadcrumb\"},\"inLanguage\":\"fr-FR\",\"potentialAction\":[{\"@type\":\"ReadAction\",\"target\":[\"https:\/\/www.aecl.ca\/fr\/declaration-deacl-au-sujet-du-covid-19\/\"]}]},{\"@type\":\"BreadcrumbList\",\"@id\":\"https:\/\/www.aecl.ca\/fr\/declaration-deacl-au-sujet-du-covid-19\/#breadcrumb\",\"itemListElement\":[{\"@type\":\"ListItem\",\"position\":1,\"name\":\"Home\",\"item\":\"https:\/\/www.aecl.ca\/fr\/\"},{\"@type\":\"ListItem\",\"position\":2,\"name\":\"D\u00e9claration d\u2019EACL au sujet du COVID-19\"}]},{\"@type\":\"WebSite\",\"@id\":\"https:\/\/www.aecl.ca\/fr\/#website\",\"url\":\"https:\/\/www.aecl.ca\/fr\/\",\"name\":\"EACL\",\"description\":\"\u00c9nergie atomique du Canada limit\u00e9e\",\"publisher\":{\"@id\":\"https:\/\/www.aecl.ca\/fr\/#organization\"},\"potentialAction\":[{\"@type\":\"SearchAction\",\"target\":{\"@type\":\"EntryPoint\",\"urlTemplate\":\"https:\/\/www.aecl.ca\/fr\/?s={search_term_string}\"},\"query-input\":{\"@type\":\"PropertyValueSpecification\",\"valueRequired\":true,\"valueName\":\"search_term_string\"}}],\"inLanguage\":\"fr-FR\"},{\"@type\":\"Organization\",\"@id\":\"https:\/\/www.aecl.ca\/fr\/#organization\",\"name\":\"Atomic Energy Canada Limited AECL\",\"url\":\"https:\/\/www.aecl.ca\/fr\/\",\"logo\":{\"@type\":\"ImageObject\",\"inLanguage\":\"fr-FR\",\"@id\":\"https:\/\/www.aecl.ca\/fr\/#\/schema\/logo\/image\/\",\"url\":\"https:\/\/www.aecl.ca\/wp-content\/uploads\/2019\/01\/AECL-Stacked-Blue.png\",\"contentUrl\":\"https:\/\/www.aecl.ca\/wp-content\/uploads\/2019\/01\/AECL-Stacked-Blue.png\",\"width\":1600,\"height\":560,\"caption\":\"Atomic Energy Canada Limited AECL\"},\"image\":{\"@id\":\"https:\/\/www.aecl.ca\/fr\/#\/schema\/logo\/image\/\"},\"sameAs\":[\"https:\/\/x.com\/AECL_EACL\",\"https:\/\/www.linkedin.com\/company\/aecl\"]},{\"@type\":\"Person\",\"@id\":\"https:\/\/www.aecl.ca\/fr\/#\/schema\/person\/40f0e182e778835701c974a17962684d\",\"name\":\"Maude-\u00c9milie Page\",\"image\":{\"@type\":\"ImageObject\",\"inLanguage\":\"fr-FR\",\"@id\":\"https:\/\/www.aecl.ca\/fr\/#\/schema\/person\/image\/\",\"url\":\"https:\/\/secure.gravatar.com\/avatar\/cf6204018339b5db62abe1d62f793fba1c3c37dbe40e2af514390dea80b3c4fc?s=96&d=mm&r=g\",\"contentUrl\":\"https:\/\/secure.gravatar.com\/avatar\/cf6204018339b5db62abe1d62f793fba1c3c37dbe40e2af514390dea80b3c4fc?s=96&d=mm&r=g\",\"caption\":\"Maude-\u00c9milie Page\"},\"sameAs\":[\"excentric-admin\"]}]}<\/script>\n<!-- \/ Yoast SEO Premium plugin. -->","yoast_head_json":{"title":"D\u00e9claration d\u2019EACL au sujet du COVID-19 - EACL","description":"\u00c0 la lumi\u00e8re des circonstances changeantes entourant le COVID-19 et comme le font les institutions et organisations internationales et canadiennes, EACL","robots":{"index":"index","follow":"follow","max-snippet":"max-snippet:-1","max-image-preview":"max-image-preview:large","max-video-preview":"max-video-preview:-1"},"canonical":"https:\/\/www.aecl.ca\/fr\/declaration-deacl-au-sujet-du-covid-19\/","og_locale":"fr_FR","og_type":"article","og_title":"D\u00e9claration d\u2019EACL au sujet du COVID-19","og_description":"\u00c0 la lumi\u00e8re des circonstances changeantes entourant le COVID-19 et comme le font les institutions et organisations internationales et canadiennes, EACL","og_url":"https:\/\/www.aecl.ca\/fr\/declaration-deacl-au-sujet-du-covid-19\/","og_site_name":"EACL","article_published_time":"2020-03-13T16:21:53+00:00","og_image":[{"width":1600,"height":560,"url":"https:\/\/www.aecl.ca\/wp-content\/uploads\/2019\/01\/AECL-Stacked-Blue.png","type":"image\/png"}],"author":"Maude-\u00c9milie Page","twitter_card":"summary_large_image","twitter_creator":"@AECL_EACL","twitter_site":"@AECL_EACL","twitter_misc":{"\u00c9crit par":"Maude-\u00c9milie Page","Dur\u00e9e de lecture estim\u00e9e":"1 minute"},"schema":{"@context":"https:\/\/schema.org","@graph":[{"@type":"Article","@id":"https:\/\/www.aecl.ca\/fr\/declaration-deacl-au-sujet-du-covid-19\/#article","isPartOf":{"@id":"https:\/\/www.aecl.ca\/fr\/declaration-deacl-au-sujet-du-covid-19\/"},"author":{"name":"Maude-\u00c9milie Page","@id":"https:\/\/www.aecl.ca\/fr\/#\/schema\/person\/40f0e182e778835701c974a17962684d"},"headline":"D\u00e9claration d\u2019EACL au sujet du COVID-19","datePublished":"2020-03-13T16:21:53+00:00","mainEntityOfPage":{"@id":"https:\/\/www.aecl.ca\/fr\/declaration-deacl-au-sujet-du-covid-19\/"},"wordCount":256,"publisher":{"@id":"https:\/\/www.aecl.ca\/fr\/#organization"},"articleSection":["Non classifi\u00e9(e)"],"inLanguage":"fr-FR"},{"@type":"WebPage","@id":"https:\/\/www.aecl.ca\/fr\/declaration-deacl-au-sujet-du-covid-19\/","url":"https:\/\/www.aecl.ca\/fr\/declaration-deacl-au-sujet-du-covid-19\/","name":"D\u00e9claration d\u2019EACL au sujet du COVID-19 - EACL","isPartOf":{"@id":"https:\/\/www.aecl.ca\/fr\/#website"},"datePublished":"2020-03-13T16:21:53+00:00","description":"\u00c0 la lumi\u00e8re des circonstances changeantes entourant le COVID-19 et comme le font les institutions et organisations internationales et canadiennes, EACL","breadcrumb":{"@id":"https:\/\/www.aecl.ca\/fr\/declaration-deacl-au-sujet-du-covid-19\/#breadcrumb"},"inLanguage":"fr-FR","potentialAction":[{"@type":"ReadAction","target":["https:\/\/www.aecl.ca\/fr\/declaration-deacl-au-sujet-du-covid-19\/"]}]},{"@type":"BreadcrumbList","@id":"https:\/\/www.aecl.ca\/fr\/declaration-deacl-au-sujet-du-covid-19\/#breadcrumb","itemListElement":[{"@type":"ListItem","position":1,"name":"Home","item":"https:\/\/www.aecl.ca\/fr\/"},{"@type":"ListItem","position":2,"name":"D\u00e9claration d\u2019EACL au sujet du COVID-19"}]},{"@type":"WebSite","@id":"https:\/\/www.aecl.ca\/fr\/#website","url":"https:\/\/www.aecl.ca\/fr\/","name":"EACL","description":"\u00c9nergie atomique du Canada limit\u00e9e","publisher":{"@id":"https:\/\/www.aecl.ca\/fr\/#organization"},"potentialAction":[{"@type":"SearchAction","target":{"@type":"EntryPoint","urlTemplate":"https:\/\/www.aecl.ca\/fr\/?s={search_term_string}"},"query-input":{"@type":"PropertyValueSpecification","valueRequired":true,"valueName":"search_term_string"}}],"inLanguage":"fr-FR"},{"@type":"Organization","@id":"https:\/\/www.aecl.ca\/fr\/#organization","name":"Atomic Energy Canada Limited AECL","url":"https:\/\/www.aecl.ca\/fr\/","logo":{"@type":"ImageObject","inLanguage":"fr-FR","@id":"https:\/\/www.aecl.ca\/fr\/#\/schema\/logo\/image\/","url":"https:\/\/www.aecl.ca\/wp-content\/uploads\/2019\/01\/AECL-Stacked-Blue.png","contentUrl":"https:\/\/www.aecl.ca\/wp-content\/uploads\/2019\/01\/AECL-Stacked-Blue.png","width":1600,"height":560,"caption":"Atomic Energy Canada Limited AECL"},"image":{"@id":"https:\/\/www.aecl.ca\/fr\/#\/schema\/logo\/image\/"},"sameAs":["https:\/\/x.com\/AECL_EACL","https:\/\/www.linkedin.com\/company\/aecl"]},{"@type":"Person","@id":"https:\/\/www.aecl.ca\/fr\/#\/schema\/person\/40f0e182e778835701c974a17962684d","name":"Maude-\u00c9milie Page","image":{"@type":"ImageObject","inLanguage":"fr-FR","@id":"https:\/\/www.aecl.ca\/fr\/#\/schema\/person\/image\/","url":"https:\/\/secure.gravatar.com\/avatar\/cf6204018339b5db62abe1d62f793fba1c3c37dbe40e2af514390dea80b3c4fc?s=96&d=mm&r=g","contentUrl":"https:\/\/secure.gravatar.com\/avatar\/cf6204018339b5db62abe1d62f793fba1c3c37dbe40e2af514390dea80b3c4fc?s=96&d=mm&r=g","caption":"Maude-\u00c9milie Page"},"sameAs":["excentric-admin"]}]}},"_links":{"self":[{"href":"https:\/\/www.aecl.ca\/fr\/wp-json\/wp\/v2\/posts\/120799","targetHints":{"allow":["GET"]}}],"collection":[{"href":"https:\/\/www.aecl.ca\/fr\/wp-json\/wp\/v2\/posts"}],"about":[{"href":"https:\/\/www.aecl.ca\/fr\/wp-json\/wp\/v2\/types\/post"}],"author":[{"embeddable":true,"href":"https:\/\/www.aecl.ca\/fr\/wp-json\/wp\/v2\/users\/5"}],"replies":[{"embeddable":true,"href":"https:\/\/www.aecl.ca\/fr\/wp-json\/wp\/v2\/comments?post=120799"}],"version-history":[{"count":0,"href":"https:\/\/www.aecl.ca\/fr\/wp-json\/wp\/v2\/posts\/120799\/revisions"}],"wp:attachment":[{"href":"https:\/\/www.aecl.ca\/fr\/wp-json\/wp\/v2\/media?parent=120799"}],"wp:term":[{"taxonomy":"category","embeddable":true,"href":"https:\/\/www.aecl.ca\/fr\/wp-json\/wp\/v2\/categories?post=120799"},{"taxonomy":"post_tag","embeddable":true,"href":"https:\/\/www.aecl.ca\/fr\/wp-json\/wp\/v2\/tags?post=120799"}],"curies":[{"name":"wp","href":"https:\/\/api.w.org\/{rel}","templated":true}]}}