{"id":120827,"date":"2020-04-08T15:50:45","date_gmt":"2020-04-08T19:50:45","guid":{"rendered":"https:\/\/www.aecl.ca\/?p=120827"},"modified":"2020-04-08T16:12:55","modified_gmt":"2020-04-08T20:12:55","slug":"eacl-soutient-les-efforts-visant-a-attenuer-les-effets-de-la-covid-19","status":"publish","type":"post","link":"https:\/\/www.aecl.ca\/fr\/eacl-soutient-les-efforts-visant-a-attenuer-les-effets-de-la-covid-19\/","title":{"rendered":"EACL soutient les efforts visant \u00e0 att\u00e9nuer les effets de la COVID-19"},"content":{"rendered":"<p><em>Dessin en 3D de l&rsquo;unit\u00e9 de commande du MVM. La plaque de base est de 152 x 170 mm. (Avec l&rsquo;aimable autorisation de C Galbiati et al)<\/em><\/p>\n<p>En cette p\u00e9riode sans pr\u00e9c\u00e9dent, les communaut\u00e9s se rassemblent dans tout le pays pour combattre la COVID-19. \u00c0 \u00c9nergie atomique du Canada Limit\u00e9e (EACL), nous sommes fiers de contribuer \u00e0 la r\u00e9ponse du Canada \u00e0 la pand\u00e9mie de COVID-19. Nos sites abritent certaines des plus grandes installations scientifiques du Canada. Les Laboratoires nucl\u00e9aires canadiens (LNC), qui exploitent nos sites, ont mobilis\u00e9 leurs scientifiques et leurs ing\u00e9nieurs pour appliquer leur expertise \u00e0 l&rsquo;appui de solutions innovantes aux d\u00e9fis cr\u00e9\u00e9s par la COVID-19. Les LNC font parties d&rsquo;une \u00e9quipe qui d\u00e9veloppe un mod\u00e8le de respirateur facile \u00e0 fabriquer \u00e0 l\u2019aide de pi\u00e8ces en vente libre et accessibles.Ce matin, le premier ministre Trudeau a soulign\u00e9 le travail du Docteur Art McDonald, de TRIUMF, des LNC et de SNOLAB pour concevoir un respirateur facile \u00e0 fabriquer \u00e0 l\u2019aide de pi\u00e8ces en vente libre et facilement accessibles.<\/p>\n<p>Pour plus d&rsquo;informations sur la collaboration MVM, nous vous invitons \u00e0 consulter : <a href=\"http:\/\/mvm.care\/fr\/home-fr\/\">http:\/\/mvm.care\/fr\/home-fr\/<\/a><\/p>\n<p>Pour l&rsquo;annonce compl\u00e8te du premier ministre, veuillez consulter : <a href=\"https:\/\/pm.gc.ca\/fr\/nouvelles\/communiques\/2020\/04\/07\/premier-ministre-annonce-la-fabrication-de-plus-de-fournitures-et\">https:\/\/pm.gc.ca\/fr\/nouvelles\/communiques\/2020\/04\/07\/premier-ministre-annonce-la-fabrication-de-plus-de-fournitures-et<\/a><\/p>\n<p>Il s&rsquo;agit d&rsquo;une des nombreuses initiatives en cours aux LNC, et EACL est fi\u00e8re de soutenir ce travail important.<br \/>\nJe suis incroyablement fier de la fa\u00e7on dont les employ\u00e9s d&rsquo;EACL et des LNC, ainsi que nos partenaires dans tout le pays, ont collabor\u00e9 pendant cette p\u00e9riode difficile et \u00e9prouvante.<\/p>\n<p><strong>Richard J. Sexton<\/strong><br \/>\nPr\u00e9sident et directeur g\u00e9n\u00e9ral d&rsquo;EACL<\/p>\n<p>&nbsp;<\/p>\n","protected":false},"excerpt":{"rendered":"<p>Dessin en 3D de l&rsquo;unit\u00e9 de commande du MVM. La plaque de base est de 152 x 170 mm. (Avec l&rsquo;aimable autorisation de C Galbiati et al) En cette p\u00e9riode sans pr\u00e9c\u00e9dent, les communaut\u00e9s se rassemblent dans tout le pays pour combattre la COVID-19. \u00c0 \u00c9nergie atomique du Canada Limit\u00e9e (EACL), nous sommes fiers de [&hellip;]<\/p>\n","protected":false},"author":5,"featured_media":120833,"comment_status":"closed","ping_status":"closed","sticky":false,"template":"","format":"standard","meta":{"_acf_changed":false,"_et_pb_use_builder":"","_et_pb_old_content":"<p>En cette p\u00e9riode sans pr\u00e9c\u00e9dent, les communaut\u00e9s se rassemblent dans tout le pays pour combattre la COVID-19. \u00c0 \u00c9nergie atomique du Canada Limit\u00e9e (EACL), nous sommes fiers de contribuer \u00e0 la r\u00e9ponse du Canada \u00e0 la pand\u00e9mie de COVID-19. Nos sites abritent certaines des plus grandes installations scientifiques du Canada. Les Laboratoires nucl\u00e9aires canadiens (LNC), qui exploitent nos sites, ont mobilis\u00e9 leurs scientifiques et leurs ing\u00e9nieurs pour appliquer leur expertise \u00e0 l'appui de solutions innovantes aux d\u00e9fis cr\u00e9\u00e9s par la COVID-19. Les LNC font parties d'une \u00e9quipe qui d\u00e9veloppe un mod\u00e8le de respirateur facile \u00e0 fabriquer \u00e0 l\u2019aide de pi\u00e8ces en vente libre et accessibles.Ce matin, le premier ministre Trudeau a soulign\u00e9 le travail du Docteur Art McDonald, de TRIUMF, des LNC et de SNOLAB pour concevoir un respirateur facile \u00e0 fabriquer \u00e0 l\u2019aide de pi\u00e8ces en vente libre et facilement accessibles.<\/p><p>Pour plus d'informations sur la collaboration MVM, nous vous invitons \u00e0 consulter : http:\/\/mvm.care\/fr\/home-fr\/<\/p><p>Pour l'annonce compl\u00e8te du premier ministre, veuillez consulter : https:\/\/pm.gc.ca\/fr\/nouvelles\/communiques\/2020\/04\/07\/premier-ministre-annonce-la-fabrication-de-plus-de-fournitures-et<\/p><p>Il s'agit d'une des nombreuses initiatives en cours aux LNC, et EACL est fi\u00e8re de soutenir ce travail important.<br \/>Je suis incroyablement fier de la fa\u00e7on dont les employ\u00e9s d'EACL et des LNC, ainsi que nos partenaires dans tout le pays, ont collabor\u00e9 pendant cette p\u00e9riode difficile et \u00e9prouvante.<\/p><p><strong>Richard J. Sexton<\/strong><br \/>Pr\u00e9sident et directeur g\u00e9n\u00e9ral d'EACL<\/p>","_et_gb_content_width":"","footnotes":""},"categories":[16],"tags":[],"class_list":["post-120827","post","type-post","status-publish","format-standard","has-post-thumbnail","hentry","category-non-classifiee"],"acf":[],"yoast_head":"<!-- This site is optimized with the Yoast SEO Premium plugin v27.1 (Yoast SEO v27.1.1) - https:\/\/yoast.com\/product\/yoast-seo-premium-wordpress\/ -->\n<title>EACL soutient les efforts visant \u00e0 att\u00e9nuer les effets de la COVID-19 - EACL<\/title>\n<meta name=\"description\" content=\"Dessin en 3D de l&#039;unit\u00e9 de commande du MVM. La plaque de base est de 152 x 170 mm. (Avec l&#039;aimable autorisation de C Galbiati et al) En cette p\u00e9riode sans\" \/>\n<meta name=\"robots\" content=\"index, follow, max-snippet:-1, max-image-preview:large, max-video-preview:-1\" \/>\n<link rel=\"canonical\" href=\"https:\/\/www.aecl.ca\/fr\/eacl-soutient-les-efforts-visant-a-attenuer-les-effets-de-la-covid-19\/\" \/>\n<meta property=\"og:locale\" content=\"fr_FR\" \/>\n<meta property=\"og:type\" content=\"article\" \/>\n<meta property=\"og:title\" content=\"EACL soutient les efforts visant \u00e0 att\u00e9nuer les effets de la COVID-19\" \/>\n<meta property=\"og:description\" content=\"Dessin en 3D de l&#039;unit\u00e9 de commande du MVM. La plaque de base est de 152 x 170 mm. (Avec l&#039;aimable autorisation de C Galbiati et al) En cette p\u00e9riode sans\" \/>\n<meta property=\"og:url\" content=\"https:\/\/www.aecl.ca\/fr\/eacl-soutient-les-efforts-visant-a-attenuer-les-effets-de-la-covid-19\/\" \/>\n<meta property=\"og:site_name\" content=\"EACL\" \/>\n<meta property=\"article:published_time\" content=\"2020-04-08T19:50:45+00:00\" \/>\n<meta property=\"article:modified_time\" content=\"2020-04-08T20:12:55+00:00\" \/>\n<meta property=\"og:image\" content=\"https:\/\/www.aecl.ca\/wp-content\/uploads\/2020\/04\/CARTLIDGE-ventilator.png\" \/>\n\t<meta property=\"og:image:width\" content=\"1402\" \/>\n\t<meta property=\"og:image:height\" content=\"848\" \/>\n\t<meta property=\"og:image:type\" content=\"image\/png\" \/>\n<meta name=\"author\" content=\"Maude-\u00c9milie Page\" \/>\n<meta name=\"twitter:card\" content=\"summary_large_image\" \/>\n<meta name=\"twitter:creator\" content=\"@AECL_EACL\" \/>\n<meta name=\"twitter:site\" content=\"@AECL_EACL\" \/>\n<meta name=\"twitter:label1\" content=\"\u00c9crit par\" \/>\n\t<meta name=\"twitter:data1\" content=\"Maude-\u00c9milie Page\" \/>\n\t<meta name=\"twitter:label2\" content=\"Dur\u00e9e de lecture estim\u00e9e\" \/>\n\t<meta name=\"twitter:data2\" content=\"1 minute\" \/>\n<script type=\"application\/ld+json\" class=\"yoast-schema-graph\">{\"@context\":\"https:\/\/schema.org\",\"@graph\":[{\"@type\":\"Article\",\"@id\":\"https:\/\/www.aecl.ca\/fr\/eacl-soutient-les-efforts-visant-a-attenuer-les-effets-de-la-covid-19\/#article\",\"isPartOf\":{\"@id\":\"https:\/\/www.aecl.ca\/fr\/eacl-soutient-les-efforts-visant-a-attenuer-les-effets-de-la-covid-19\/\"},\"author\":{\"name\":\"Maude-\u00c9milie Page\",\"@id\":\"https:\/\/www.aecl.ca\/fr\/#\/schema\/person\/40f0e182e778835701c974a17962684d\"},\"headline\":\"EACL soutient les efforts visant \u00e0 att\u00e9nuer les effets de la COVID-19\",\"datePublished\":\"2020-04-08T19:50:45+00:00\",\"dateModified\":\"2020-04-08T20:12:55+00:00\",\"mainEntityOfPage\":{\"@id\":\"https:\/\/www.aecl.ca\/fr\/eacl-soutient-les-efforts-visant-a-attenuer-les-effets-de-la-covid-19\/\"},\"wordCount\":297,\"publisher\":{\"@id\":\"https:\/\/www.aecl.ca\/fr\/#organization\"},\"image\":{\"@id\":\"https:\/\/www.aecl.ca\/fr\/eacl-soutient-les-efforts-visant-a-attenuer-les-effets-de-la-covid-19\/#primaryimage\"},\"thumbnailUrl\":\"https:\/\/www.aecl.ca\/wp-content\/uploads\/2020\/04\/CARTLIDGE-ventilator.png\",\"articleSection\":[\"Non classifi\u00e9(e)\"],\"inLanguage\":\"fr-FR\"},{\"@type\":\"WebPage\",\"@id\":\"https:\/\/www.aecl.ca\/fr\/eacl-soutient-les-efforts-visant-a-attenuer-les-effets-de-la-covid-19\/\",\"url\":\"https:\/\/www.aecl.ca\/fr\/eacl-soutient-les-efforts-visant-a-attenuer-les-effets-de-la-covid-19\/\",\"name\":\"EACL soutient les efforts visant \u00e0 att\u00e9nuer les effets de la COVID-19 - EACL\",\"isPartOf\":{\"@id\":\"https:\/\/www.aecl.ca\/fr\/#website\"},\"primaryImageOfPage\":{\"@id\":\"https:\/\/www.aecl.ca\/fr\/eacl-soutient-les-efforts-visant-a-attenuer-les-effets-de-la-covid-19\/#primaryimage\"},\"image\":{\"@id\":\"https:\/\/www.aecl.ca\/fr\/eacl-soutient-les-efforts-visant-a-attenuer-les-effets-de-la-covid-19\/#primaryimage\"},\"thumbnailUrl\":\"https:\/\/www.aecl.ca\/wp-content\/uploads\/2020\/04\/CARTLIDGE-ventilator.png\",\"datePublished\":\"2020-04-08T19:50:45+00:00\",\"dateModified\":\"2020-04-08T20:12:55+00:00\",\"description\":\"Dessin en 3D de l'unit\u00e9 de commande du MVM. La plaque de base est de 152 x 170 mm. (Avec l'aimable autorisation de C Galbiati et al) En cette p\u00e9riode sans\",\"breadcrumb\":{\"@id\":\"https:\/\/www.aecl.ca\/fr\/eacl-soutient-les-efforts-visant-a-attenuer-les-effets-de-la-covid-19\/#breadcrumb\"},\"inLanguage\":\"fr-FR\",\"potentialAction\":[{\"@type\":\"ReadAction\",\"target\":[\"https:\/\/www.aecl.ca\/fr\/eacl-soutient-les-efforts-visant-a-attenuer-les-effets-de-la-covid-19\/\"]}]},{\"@type\":\"ImageObject\",\"inLanguage\":\"fr-FR\",\"@id\":\"https:\/\/www.aecl.ca\/fr\/eacl-soutient-les-efforts-visant-a-attenuer-les-effets-de-la-covid-19\/#primaryimage\",\"url\":\"https:\/\/www.aecl.ca\/wp-content\/uploads\/2020\/04\/CARTLIDGE-ventilator.png\",\"contentUrl\":\"https:\/\/www.aecl.ca\/wp-content\/uploads\/2020\/04\/CARTLIDGE-ventilator.png\",\"width\":1402,\"height\":848,\"caption\":\"Of the shelf: 3D drawing of the MVM control unit. The base plate is 152 x 170 mm. (Courtesy: C Galbiati et al)\"},{\"@type\":\"BreadcrumbList\",\"@id\":\"https:\/\/www.aecl.ca\/fr\/eacl-soutient-les-efforts-visant-a-attenuer-les-effets-de-la-covid-19\/#breadcrumb\",\"itemListElement\":[{\"@type\":\"ListItem\",\"position\":1,\"name\":\"Home\",\"item\":\"https:\/\/www.aecl.ca\/fr\/\"},{\"@type\":\"ListItem\",\"position\":2,\"name\":\"EACL soutient les efforts visant \u00e0 att\u00e9nuer les effets de la COVID-19\"}]},{\"@type\":\"WebSite\",\"@id\":\"https:\/\/www.aecl.ca\/fr\/#website\",\"url\":\"https:\/\/www.aecl.ca\/fr\/\",\"name\":\"EACL\",\"description\":\"\u00c9nergie atomique du Canada limit\u00e9e\",\"publisher\":{\"@id\":\"https:\/\/www.aecl.ca\/fr\/#organization\"},\"potentialAction\":[{\"@type\":\"SearchAction\",\"target\":{\"@type\":\"EntryPoint\",\"urlTemplate\":\"https:\/\/www.aecl.ca\/fr\/?s={search_term_string}\"},\"query-input\":{\"@type\":\"PropertyValueSpecification\",\"valueRequired\":true,\"valueName\":\"search_term_string\"}}],\"inLanguage\":\"fr-FR\"},{\"@type\":\"Organization\",\"@id\":\"https:\/\/www.aecl.ca\/fr\/#organization\",\"name\":\"Atomic Energy Canada Limited AECL\",\"url\":\"https:\/\/www.aecl.ca\/fr\/\",\"logo\":{\"@type\":\"ImageObject\",\"inLanguage\":\"fr-FR\",\"@id\":\"https:\/\/www.aecl.ca\/fr\/#\/schema\/logo\/image\/\",\"url\":\"https:\/\/www.aecl.ca\/wp-content\/uploads\/2019\/01\/AECL-Stacked-Blue.png\",\"contentUrl\":\"https:\/\/www.aecl.ca\/wp-content\/uploads\/2019\/01\/AECL-Stacked-Blue.png\",\"width\":1600,\"height\":560,\"caption\":\"Atomic Energy Canada Limited AECL\"},\"image\":{\"@id\":\"https:\/\/www.aecl.ca\/fr\/#\/schema\/logo\/image\/\"},\"sameAs\":[\"https:\/\/x.com\/AECL_EACL\",\"https:\/\/www.linkedin.com\/company\/aecl\"]},{\"@type\":\"Person\",\"@id\":\"https:\/\/www.aecl.ca\/fr\/#\/schema\/person\/40f0e182e778835701c974a17962684d\",\"name\":\"Maude-\u00c9milie Page\",\"image\":{\"@type\":\"ImageObject\",\"inLanguage\":\"fr-FR\",\"@id\":\"https:\/\/www.aecl.ca\/fr\/#\/schema\/person\/image\/\",\"url\":\"https:\/\/secure.gravatar.com\/avatar\/cf6204018339b5db62abe1d62f793fba1c3c37dbe40e2af514390dea80b3c4fc?s=96&d=mm&r=g\",\"contentUrl\":\"https:\/\/secure.gravatar.com\/avatar\/cf6204018339b5db62abe1d62f793fba1c3c37dbe40e2af514390dea80b3c4fc?s=96&d=mm&r=g\",\"caption\":\"Maude-\u00c9milie Page\"},\"sameAs\":[\"excentric-admin\"]}]}<\/script>\n<!-- \/ Yoast SEO Premium plugin. -->","yoast_head_json":{"title":"EACL soutient les efforts visant \u00e0 att\u00e9nuer les effets de la COVID-19 - EACL","description":"Dessin en 3D de l'unit\u00e9 de commande du MVM. La plaque de base est de 152 x 170 mm. (Avec l'aimable autorisation de C Galbiati et al) En cette p\u00e9riode sans","robots":{"index":"index","follow":"follow","max-snippet":"max-snippet:-1","max-image-preview":"max-image-preview:large","max-video-preview":"max-video-preview:-1"},"canonical":"https:\/\/www.aecl.ca\/fr\/eacl-soutient-les-efforts-visant-a-attenuer-les-effets-de-la-covid-19\/","og_locale":"fr_FR","og_type":"article","og_title":"EACL soutient les efforts visant \u00e0 att\u00e9nuer les effets de la COVID-19","og_description":"Dessin en 3D de l'unit\u00e9 de commande du MVM. La plaque de base est de 152 x 170 mm. (Avec l'aimable autorisation de C Galbiati et al) En cette p\u00e9riode sans","og_url":"https:\/\/www.aecl.ca\/fr\/eacl-soutient-les-efforts-visant-a-attenuer-les-effets-de-la-covid-19\/","og_site_name":"EACL","article_published_time":"2020-04-08T19:50:45+00:00","article_modified_time":"2020-04-08T20:12:55+00:00","og_image":[{"width":1402,"height":848,"url":"https:\/\/www.aecl.ca\/wp-content\/uploads\/2020\/04\/CARTLIDGE-ventilator.png","type":"image\/png"}],"author":"Maude-\u00c9milie Page","twitter_card":"summary_large_image","twitter_creator":"@AECL_EACL","twitter_site":"@AECL_EACL","twitter_misc":{"\u00c9crit par":"Maude-\u00c9milie Page","Dur\u00e9e de lecture estim\u00e9e":"1 minute"},"schema":{"@context":"https:\/\/schema.org","@graph":[{"@type":"Article","@id":"https:\/\/www.aecl.ca\/fr\/eacl-soutient-les-efforts-visant-a-attenuer-les-effets-de-la-covid-19\/#article","isPartOf":{"@id":"https:\/\/www.aecl.ca\/fr\/eacl-soutient-les-efforts-visant-a-attenuer-les-effets-de-la-covid-19\/"},"author":{"name":"Maude-\u00c9milie Page","@id":"https:\/\/www.aecl.ca\/fr\/#\/schema\/person\/40f0e182e778835701c974a17962684d"},"headline":"EACL soutient les efforts visant \u00e0 att\u00e9nuer les effets de la COVID-19","datePublished":"2020-04-08T19:50:45+00:00","dateModified":"2020-04-08T20:12:55+00:00","mainEntityOfPage":{"@id":"https:\/\/www.aecl.ca\/fr\/eacl-soutient-les-efforts-visant-a-attenuer-les-effets-de-la-covid-19\/"},"wordCount":297,"publisher":{"@id":"https:\/\/www.aecl.ca\/fr\/#organization"},"image":{"@id":"https:\/\/www.aecl.ca\/fr\/eacl-soutient-les-efforts-visant-a-attenuer-les-effets-de-la-covid-19\/#primaryimage"},"thumbnailUrl":"https:\/\/www.aecl.ca\/wp-content\/uploads\/2020\/04\/CARTLIDGE-ventilator.png","articleSection":["Non classifi\u00e9(e)"],"inLanguage":"fr-FR"},{"@type":"WebPage","@id":"https:\/\/www.aecl.ca\/fr\/eacl-soutient-les-efforts-visant-a-attenuer-les-effets-de-la-covid-19\/","url":"https:\/\/www.aecl.ca\/fr\/eacl-soutient-les-efforts-visant-a-attenuer-les-effets-de-la-covid-19\/","name":"EACL soutient les efforts visant \u00e0 att\u00e9nuer les effets de la COVID-19 - EACL","isPartOf":{"@id":"https:\/\/www.aecl.ca\/fr\/#website"},"primaryImageOfPage":{"@id":"https:\/\/www.aecl.ca\/fr\/eacl-soutient-les-efforts-visant-a-attenuer-les-effets-de-la-covid-19\/#primaryimage"},"image":{"@id":"https:\/\/www.aecl.ca\/fr\/eacl-soutient-les-efforts-visant-a-attenuer-les-effets-de-la-covid-19\/#primaryimage"},"thumbnailUrl":"https:\/\/www.aecl.ca\/wp-content\/uploads\/2020\/04\/CARTLIDGE-ventilator.png","datePublished":"2020-04-08T19:50:45+00:00","dateModified":"2020-04-08T20:12:55+00:00","description":"Dessin en 3D de l'unit\u00e9 de commande du MVM. La plaque de base est de 152 x 170 mm. (Avec l'aimable autorisation de C Galbiati et al) En cette p\u00e9riode sans","breadcrumb":{"@id":"https:\/\/www.aecl.ca\/fr\/eacl-soutient-les-efforts-visant-a-attenuer-les-effets-de-la-covid-19\/#breadcrumb"},"inLanguage":"fr-FR","potentialAction":[{"@type":"ReadAction","target":["https:\/\/www.aecl.ca\/fr\/eacl-soutient-les-efforts-visant-a-attenuer-les-effets-de-la-covid-19\/"]}]},{"@type":"ImageObject","inLanguage":"fr-FR","@id":"https:\/\/www.aecl.ca\/fr\/eacl-soutient-les-efforts-visant-a-attenuer-les-effets-de-la-covid-19\/#primaryimage","url":"https:\/\/www.aecl.ca\/wp-content\/uploads\/2020\/04\/CARTLIDGE-ventilator.png","contentUrl":"https:\/\/www.aecl.ca\/wp-content\/uploads\/2020\/04\/CARTLIDGE-ventilator.png","width":1402,"height":848,"caption":"Of the shelf: 3D drawing of the MVM control unit. The base plate is 152 x 170 mm. (Courtesy: C Galbiati et al)"},{"@type":"BreadcrumbList","@id":"https:\/\/www.aecl.ca\/fr\/eacl-soutient-les-efforts-visant-a-attenuer-les-effets-de-la-covid-19\/#breadcrumb","itemListElement":[{"@type":"ListItem","position":1,"name":"Home","item":"https:\/\/www.aecl.ca\/fr\/"},{"@type":"ListItem","position":2,"name":"EACL soutient les efforts visant \u00e0 att\u00e9nuer les effets de la COVID-19"}]},{"@type":"WebSite","@id":"https:\/\/www.aecl.ca\/fr\/#website","url":"https:\/\/www.aecl.ca\/fr\/","name":"EACL","description":"\u00c9nergie atomique du Canada limit\u00e9e","publisher":{"@id":"https:\/\/www.aecl.ca\/fr\/#organization"},"potentialAction":[{"@type":"SearchAction","target":{"@type":"EntryPoint","urlTemplate":"https:\/\/www.aecl.ca\/fr\/?s={search_term_string}"},"query-input":{"@type":"PropertyValueSpecification","valueRequired":true,"valueName":"search_term_string"}}],"inLanguage":"fr-FR"},{"@type":"Organization","@id":"https:\/\/www.aecl.ca\/fr\/#organization","name":"Atomic Energy Canada Limited AECL","url":"https:\/\/www.aecl.ca\/fr\/","logo":{"@type":"ImageObject","inLanguage":"fr-FR","@id":"https:\/\/www.aecl.ca\/fr\/#\/schema\/logo\/image\/","url":"https:\/\/www.aecl.ca\/wp-content\/uploads\/2019\/01\/AECL-Stacked-Blue.png","contentUrl":"https:\/\/www.aecl.ca\/wp-content\/uploads\/2019\/01\/AECL-Stacked-Blue.png","width":1600,"height":560,"caption":"Atomic Energy Canada Limited AECL"},"image":{"@id":"https:\/\/www.aecl.ca\/fr\/#\/schema\/logo\/image\/"},"sameAs":["https:\/\/x.com\/AECL_EACL","https:\/\/www.linkedin.com\/company\/aecl"]},{"@type":"Person","@id":"https:\/\/www.aecl.ca\/fr\/#\/schema\/person\/40f0e182e778835701c974a17962684d","name":"Maude-\u00c9milie Page","image":{"@type":"ImageObject","inLanguage":"fr-FR","@id":"https:\/\/www.aecl.ca\/fr\/#\/schema\/person\/image\/","url":"https:\/\/secure.gravatar.com\/avatar\/cf6204018339b5db62abe1d62f793fba1c3c37dbe40e2af514390dea80b3c4fc?s=96&d=mm&r=g","contentUrl":"https:\/\/secure.gravatar.com\/avatar\/cf6204018339b5db62abe1d62f793fba1c3c37dbe40e2af514390dea80b3c4fc?s=96&d=mm&r=g","caption":"Maude-\u00c9milie Page"},"sameAs":["excentric-admin"]}]}},"_links":{"self":[{"href":"https:\/\/www.aecl.ca\/fr\/wp-json\/wp\/v2\/posts\/120827","targetHints":{"allow":["GET"]}}],"collection":[{"href":"https:\/\/www.aecl.ca\/fr\/wp-json\/wp\/v2\/posts"}],"about":[{"href":"https:\/\/www.aecl.ca\/fr\/wp-json\/wp\/v2\/types\/post"}],"author":[{"embeddable":true,"href":"https:\/\/www.aecl.ca\/fr\/wp-json\/wp\/v2\/users\/5"}],"replies":[{"embeddable":true,"href":"https:\/\/www.aecl.ca\/fr\/wp-json\/wp\/v2\/comments?post=120827"}],"version-history":[{"count":0,"href":"https:\/\/www.aecl.ca\/fr\/wp-json\/wp\/v2\/posts\/120827\/revisions"}],"wp:featuredmedia":[{"embeddable":true,"href":"https:\/\/www.aecl.ca\/fr\/wp-json\/wp\/v2\/media\/120833"}],"wp:attachment":[{"href":"https:\/\/www.aecl.ca\/fr\/wp-json\/wp\/v2\/media?parent=120827"}],"wp:term":[{"taxonomy":"category","embeddable":true,"href":"https:\/\/www.aecl.ca\/fr\/wp-json\/wp\/v2\/categories?post=120827"},{"taxonomy":"post_tag","embeddable":true,"href":"https:\/\/www.aecl.ca\/fr\/wp-json\/wp\/v2\/tags?post=120827"}],"curies":[{"name":"wp","href":"https:\/\/api.w.org\/{rel}","templated":true}]}}