{"id":122934,"date":"2022-12-07T16:02:35","date_gmt":"2022-12-07T21:02:35","guid":{"rendered":"https:\/\/www.aecl.ca\/?p=122934"},"modified":"2022-12-07T16:02:35","modified_gmt":"2022-12-07T21:02:35","slug":"eacl-et-les-lnc-celebrent-linauguration-des-travaux-dune-nouvelle-installation-de-recherche-nucleaire","status":"publish","type":"post","link":"https:\/\/www.aecl.ca\/fr\/eacl-et-les-lnc-celebrent-linauguration-des-travaux-dune-nouvelle-installation-de-recherche-nucleaire\/","title":{"rendered":"EACL et les LNC c\u00e9l\u00e8brent l&rsquo;inauguration des travaux d&rsquo;une nouvelle installation de recherche nucl\u00e9aire"},"content":{"rendered":"<p><strong><span style=\"font-size: 22px;\"><em>Les chefs de file du secteur nucl\u00e9aire canadien se r\u00e9unissent pour c\u00e9l\u00e9brer la construction d\u2019un Centre de recherche avanc\u00e9e sur les mati\u00e8res nucl\u00e9aires (CRAMN)<\/em><\/span><\/strong><\/p>\n<p>\u00c9nergie atomique du Canada limit\u00e9e (EACL) et les Laboratoires Nucl\u00e9aires Canadiens (LNC) ont officiellement donn\u00e9 la premi\u00e8re pellet\u00e9e de terre du nouveau Centre de recherche avanc\u00e9e sur les mat\u00e9riaux nucl\u00e9aires (CRAMN) aux Laboratoires de Chalk River. Le pr\u00e9sident et premier dirigeant d&rsquo;EACL, Fred Dermarkar, et le pr\u00e9sident et chef de la direction des LNC, Joe McBrearty, \u00e9taient accompagn\u00e9s par des repr\u00e9sentants des communaut\u00e9s locales et de la cha\u00eene d&rsquo;approvisionnement nucl\u00e9aire du Canada pour c\u00e9l\u00e9brer la construction de la nouvelle installation.<\/p>\n<p>Le CRAMN sera l\u2019une des plus importantes installations de recherche nucl\u00e9aire jamais construites au Canada.\u00a0 Il comportera 23 laboratoires, h\u00e9bergera 160 employ\u00e9s et regroupera les capacit\u00e9s cl\u00e9s d\u2019installations vieillissantes dont la mise hors service est pr\u00e9vue sur le site. Son ach\u00e8vement \u00e9tant pr\u00e9vu pour le printemps de 2028.<\/p>\n<p>Le CRAMN appuiera les objectifs d\u2019\u00e9nergie propre du Canada en proposant des services cruciaux pour prolonger la vie et assurer la fiabilit\u00e9 \u00e0 long terme des r\u00e9acteurs existants, y compris notre parc de r\u00e9acteurs d\u2019\u00e9nergie nucl\u00e9aire CANDU\u00ae, et d\u2019autres types de r\u00e9acteurs d\u2019ailleurs dans le monde. L\u2019installation comptera 12 nouvelles cellules chaudes blind\u00e9es qui permettront l\u2019examen post-irradiation des combustibles de petits r\u00e9acteurs modulaires (PRM) et de la nouvelle g\u00e9n\u00e9ration de r\u00e9acteurs, en plus d\u2019installations de bo\u00eetes \u00e0 gants pour d\u00e9velopper des concepts de fabrication de combustible avanc\u00e9s.<\/p>\n<p>Le CRAMN est partie prenante de la revitalisation des Laboratoires de Chalk River qui est appuy\u00e9e par un investissement de 1,2 milliard $ d\u2019EACL au nom du Gouvernement du Canada.<\/p>\n<p><strong>CITATIONS:<\/strong><\/p>\n<p><strong><em>Fred Dermarkar, pr\u00e9sident et premier dirigeant, \u00c9nergie atomique du Canada limit\u00e9e <\/em><\/strong><\/p>\n<blockquote><p><em>\u00ab Le CRAMN est au c\u0153ur de notre vision de propulser l&rsquo;innovation nucl\u00e9aire. Il s&rsquo;agira d&rsquo;un laboratoire nucl\u00e9aire moderne, efficace et de classe mondiale qui r\u00e9pondra aux besoins du gouvernement du Canada et de l&rsquo;industrie nucl\u00e9aire canadienne &#8211; non seulement pour aujourd&rsquo;hui, mais pour les d\u00e9cennies \u00e0 venir. \u00bb<\/em><\/p><\/blockquote>\n<p><strong><em><br \/>\nJoe McBrearty, pr\u00e9sident et chef de la direction, Laboratoires Nucl\u00e9aires Canadiens<\/em><\/strong><\/p>\n<blockquote><p><em>\u00a0\u00ab Les investissements du gouvernement du Canada dans la revitalisation des Laboratoires de Chalk River nous donnent les installations et l&rsquo;infrastructure n\u00e9cessaires pour faire face \u00e0 certains des probl\u00e8mes les plus urgents du pays, du changement climatique \u00e0 la s\u00e9curit\u00e9 \u00e9nerg\u00e9tique. Le CRAMN est au centre de cette vision. \u00bb<\/em><\/p><\/blockquote>\n<p><strong><em><br \/>\nL&rsquo;honorable Jonathan Wilkinson, ministre des Ressources naturelles <\/em><\/strong><\/p>\n<blockquote><p><em>\u00ab Pour lutter contre les changements climatiques et r\u00e9duire les \u00e9missions, nous devons nous tourner vers toutes les sources d&rsquo;\u00e9nergie non \u00e9mettrices, ce qui doit absolument inclure l&rsquo;\u00e9nergie nucl\u00e9aire. Le Centre de recherche avanc\u00e9e sur les mat\u00e9riaux nucl\u00e9aires (CRAMN) constitue une \u00e9tape importante dans la longue histoire du Canada en tant qu&rsquo;utilisateur pacifique de l&rsquo;\u00e9nergie nucl\u00e9aire. Les travaux entrepris ici contribueront \u00e0 orienter une nouvelle g\u00e9n\u00e9ration de technologies nucl\u00e9aires et \u00e0 faire en sorte que notre secteur nucl\u00e9aire demeure une source d&rsquo;\u00e9nergie et de possibilit\u00e9s fiable, s\u00fbre, rentable et novatrice.\u00bb<\/em><\/p><\/blockquote>\n","protected":false},"excerpt":{"rendered":"<p>Les chefs de file du secteur nucl\u00e9aire canadien se r\u00e9unissent pour c\u00e9l\u00e9brer la construction d\u2019un Centre de recherche avanc\u00e9e sur les mati\u00e8res nucl\u00e9aires (CRAMN) \u00c9nergie atomique du Canada limit\u00e9e (EACL) et les Laboratoires Nucl\u00e9aires Canadiens (LNC) ont officiellement donn\u00e9 la premi\u00e8re pellet\u00e9e de terre du nouveau Centre de recherche avanc\u00e9e sur les mat\u00e9riaux nucl\u00e9aires (CRAMN) [&hellip;]<\/p>\n","protected":false},"author":10,"featured_media":122933,"comment_status":"closed","ping_status":"closed","sticky":false,"template":"","format":"standard","meta":{"_acf_changed":false,"_et_pb_use_builder":"","_et_pb_old_content":"","_et_gb_content_width":"","footnotes":""},"categories":[19],"tags":[],"class_list":["post-122934","post","type-post","status-publish","format-standard","has-post-thumbnail","hentry","category-chalk-river-fr"],"acf":[],"yoast_head":"<!-- This site is optimized with the Yoast SEO Premium plugin v27.1 (Yoast SEO v27.1.1) - https:\/\/yoast.com\/product\/yoast-seo-premium-wordpress\/ -->\n<title>EACL et les LNC c\u00e9l\u00e8brent l&#039;inauguration des travaux d&#039;une nouvelle installation de recherche nucl\u00e9aire - EACL<\/title>\n<meta name=\"description\" content=\"Les chefs de file du secteur nucl\u00e9aire canadien se r\u00e9unissent pour c\u00e9l\u00e9brer la construction d\u2019un Centre de recherche avanc\u00e9e sur les mati\u00e8res nucl\u00e9aires\" \/>\n<meta name=\"robots\" content=\"index, follow, max-snippet:-1, max-image-preview:large, max-video-preview:-1\" \/>\n<link rel=\"canonical\" href=\"https:\/\/www.aecl.ca\/fr\/eacl-et-les-lnc-celebrent-linauguration-des-travaux-dune-nouvelle-installation-de-recherche-nucleaire\/\" \/>\n<meta property=\"og:locale\" content=\"fr_FR\" \/>\n<meta property=\"og:type\" content=\"article\" \/>\n<meta property=\"og:title\" content=\"EACL et les LNC c\u00e9l\u00e8brent l&#039;inauguration des travaux d&#039;une nouvelle installation de recherche nucl\u00e9aire\" \/>\n<meta property=\"og:description\" content=\"Les chefs de file du secteur nucl\u00e9aire canadien se r\u00e9unissent pour c\u00e9l\u00e9brer la construction d\u2019un Centre de recherche avanc\u00e9e sur les mati\u00e8res nucl\u00e9aires\" \/>\n<meta property=\"og:url\" content=\"https:\/\/www.aecl.ca\/fr\/eacl-et-les-lnc-celebrent-linauguration-des-travaux-dune-nouvelle-installation-de-recherche-nucleaire\/\" \/>\n<meta property=\"og:site_name\" content=\"EACL\" \/>\n<meta property=\"article:published_time\" content=\"2022-12-07T21:02:35+00:00\" \/>\n<meta property=\"og:image\" content=\"https:\/\/www.aecl.ca\/wp-content\/uploads\/2022\/12\/break-ground.jpg\" \/>\n\t<meta property=\"og:image:width\" content=\"1400\" \/>\n\t<meta property=\"og:image:height\" content=\"998\" \/>\n\t<meta property=\"og:image:type\" content=\"image\/jpeg\" \/>\n<meta name=\"author\" content=\"Kristy Smith\" \/>\n<meta name=\"twitter:card\" content=\"summary_large_image\" \/>\n<meta name=\"twitter:creator\" content=\"@AECL_EACL\" \/>\n<meta name=\"twitter:site\" content=\"@AECL_EACL\" \/>\n<meta name=\"twitter:label1\" content=\"\u00c9crit par\" \/>\n\t<meta name=\"twitter:data1\" content=\"Kristy Smith\" \/>\n<script type=\"application\/ld+json\" class=\"yoast-schema-graph\">{\"@context\":\"https:\/\/schema.org\",\"@graph\":[{\"@type\":\"Article\",\"@id\":\"https:\/\/www.aecl.ca\/fr\/eacl-et-les-lnc-celebrent-linauguration-des-travaux-dune-nouvelle-installation-de-recherche-nucleaire\/#article\",\"isPartOf\":{\"@id\":\"https:\/\/www.aecl.ca\/fr\/eacl-et-les-lnc-celebrent-linauguration-des-travaux-dune-nouvelle-installation-de-recherche-nucleaire\/\"},\"author\":{\"name\":\"Kristy Smith\",\"@id\":\"https:\/\/www.aecl.ca\/fr\/#\/schema\/person\/57439d77bd3104adf5468fb4dfe270a8\"},\"headline\":\"EACL et les LNC c\u00e9l\u00e8brent l&rsquo;inauguration des travaux d&rsquo;une nouvelle installation de recherche nucl\u00e9aire\",\"datePublished\":\"2022-12-07T21:02:35+00:00\",\"mainEntityOfPage\":{\"@id\":\"https:\/\/www.aecl.ca\/fr\/eacl-et-les-lnc-celebrent-linauguration-des-travaux-dune-nouvelle-installation-de-recherche-nucleaire\/\"},\"wordCount\":584,\"publisher\":{\"@id\":\"https:\/\/www.aecl.ca\/fr\/#organization\"},\"image\":{\"@id\":\"https:\/\/www.aecl.ca\/fr\/eacl-et-les-lnc-celebrent-linauguration-des-travaux-dune-nouvelle-installation-de-recherche-nucleaire\/#primaryimage\"},\"thumbnailUrl\":\"https:\/\/www.aecl.ca\/wp-content\/uploads\/2022\/12\/break-ground.jpg\",\"articleSection\":[\"Chalk River\"],\"inLanguage\":\"fr-FR\"},{\"@type\":\"WebPage\",\"@id\":\"https:\/\/www.aecl.ca\/fr\/eacl-et-les-lnc-celebrent-linauguration-des-travaux-dune-nouvelle-installation-de-recherche-nucleaire\/\",\"url\":\"https:\/\/www.aecl.ca\/fr\/eacl-et-les-lnc-celebrent-linauguration-des-travaux-dune-nouvelle-installation-de-recherche-nucleaire\/\",\"name\":\"EACL et les LNC c\u00e9l\u00e8brent l'inauguration des travaux d'une nouvelle installation de recherche nucl\u00e9aire - EACL\",\"isPartOf\":{\"@id\":\"https:\/\/www.aecl.ca\/fr\/#website\"},\"primaryImageOfPage\":{\"@id\":\"https:\/\/www.aecl.ca\/fr\/eacl-et-les-lnc-celebrent-linauguration-des-travaux-dune-nouvelle-installation-de-recherche-nucleaire\/#primaryimage\"},\"image\":{\"@id\":\"https:\/\/www.aecl.ca\/fr\/eacl-et-les-lnc-celebrent-linauguration-des-travaux-dune-nouvelle-installation-de-recherche-nucleaire\/#primaryimage\"},\"thumbnailUrl\":\"https:\/\/www.aecl.ca\/wp-content\/uploads\/2022\/12\/break-ground.jpg\",\"datePublished\":\"2022-12-07T21:02:35+00:00\",\"description\":\"Les chefs de file du secteur nucl\u00e9aire canadien se r\u00e9unissent pour c\u00e9l\u00e9brer la construction d\u2019un Centre de recherche avanc\u00e9e sur les mati\u00e8res nucl\u00e9aires\",\"breadcrumb\":{\"@id\":\"https:\/\/www.aecl.ca\/fr\/eacl-et-les-lnc-celebrent-linauguration-des-travaux-dune-nouvelle-installation-de-recherche-nucleaire\/#breadcrumb\"},\"inLanguage\":\"fr-FR\",\"potentialAction\":[{\"@type\":\"ReadAction\",\"target\":[\"https:\/\/www.aecl.ca\/fr\/eacl-et-les-lnc-celebrent-linauguration-des-travaux-dune-nouvelle-installation-de-recherche-nucleaire\/\"]}]},{\"@type\":\"ImageObject\",\"inLanguage\":\"fr-FR\",\"@id\":\"https:\/\/www.aecl.ca\/fr\/eacl-et-les-lnc-celebrent-linauguration-des-travaux-dune-nouvelle-installation-de-recherche-nucleaire\/#primaryimage\",\"url\":\"https:\/\/www.aecl.ca\/wp-content\/uploads\/2022\/12\/break-ground.jpg\",\"contentUrl\":\"https:\/\/www.aecl.ca\/wp-content\/uploads\/2022\/12\/break-ground.jpg\",\"width\":1400,\"height\":998},{\"@type\":\"BreadcrumbList\",\"@id\":\"https:\/\/www.aecl.ca\/fr\/eacl-et-les-lnc-celebrent-linauguration-des-travaux-dune-nouvelle-installation-de-recherche-nucleaire\/#breadcrumb\",\"itemListElement\":[{\"@type\":\"ListItem\",\"position\":1,\"name\":\"Home\",\"item\":\"https:\/\/www.aecl.ca\/fr\/\"},{\"@type\":\"ListItem\",\"position\":2,\"name\":\"EACL et les LNC c\u00e9l\u00e8brent l&#8217;inauguration des travaux d&#8217;une nouvelle installation de recherche nucl\u00e9aire\"}]},{\"@type\":\"WebSite\",\"@id\":\"https:\/\/www.aecl.ca\/fr\/#website\",\"url\":\"https:\/\/www.aecl.ca\/fr\/\",\"name\":\"EACL\",\"description\":\"\u00c9nergie atomique du Canada limit\u00e9e\",\"publisher\":{\"@id\":\"https:\/\/www.aecl.ca\/fr\/#organization\"},\"potentialAction\":[{\"@type\":\"SearchAction\",\"target\":{\"@type\":\"EntryPoint\",\"urlTemplate\":\"https:\/\/www.aecl.ca\/fr\/?s={search_term_string}\"},\"query-input\":{\"@type\":\"PropertyValueSpecification\",\"valueRequired\":true,\"valueName\":\"search_term_string\"}}],\"inLanguage\":\"fr-FR\"},{\"@type\":\"Organization\",\"@id\":\"https:\/\/www.aecl.ca\/fr\/#organization\",\"name\":\"Atomic Energy Canada Limited AECL\",\"url\":\"https:\/\/www.aecl.ca\/fr\/\",\"logo\":{\"@type\":\"ImageObject\",\"inLanguage\":\"fr-FR\",\"@id\":\"https:\/\/www.aecl.ca\/fr\/#\/schema\/logo\/image\/\",\"url\":\"https:\/\/www.aecl.ca\/wp-content\/uploads\/2019\/01\/AECL-Stacked-Blue.png\",\"contentUrl\":\"https:\/\/www.aecl.ca\/wp-content\/uploads\/2019\/01\/AECL-Stacked-Blue.png\",\"width\":1600,\"height\":560,\"caption\":\"Atomic Energy Canada Limited AECL\"},\"image\":{\"@id\":\"https:\/\/www.aecl.ca\/fr\/#\/schema\/logo\/image\/\"},\"sameAs\":[\"https:\/\/x.com\/AECL_EACL\",\"https:\/\/www.linkedin.com\/company\/aecl\"]},{\"@type\":\"Person\",\"@id\":\"https:\/\/www.aecl.ca\/fr\/#\/schema\/person\/57439d77bd3104adf5468fb4dfe270a8\",\"name\":\"Kristy Smith\",\"image\":{\"@type\":\"ImageObject\",\"inLanguage\":\"fr-FR\",\"@id\":\"https:\/\/www.aecl.ca\/fr\/#\/schema\/person\/image\/\",\"url\":\"https:\/\/secure.gravatar.com\/avatar\/e7e2ed8393130c6c26d80dc2c1e3988989cc12a6203fd97d6a470eb0a7db4a8e?s=96&d=mm&r=g\",\"contentUrl\":\"https:\/\/secure.gravatar.com\/avatar\/e7e2ed8393130c6c26d80dc2c1e3988989cc12a6203fd97d6a470eb0a7db4a8e?s=96&d=mm&r=g\",\"caption\":\"Kristy Smith\"}}]}<\/script>\n<!-- \/ Yoast SEO Premium plugin. -->","yoast_head_json":{"title":"EACL et les LNC c\u00e9l\u00e8brent l'inauguration des travaux d'une nouvelle installation de recherche nucl\u00e9aire - EACL","description":"Les chefs de file du secteur nucl\u00e9aire canadien se r\u00e9unissent pour c\u00e9l\u00e9brer la construction d\u2019un Centre de recherche avanc\u00e9e sur les mati\u00e8res nucl\u00e9aires","robots":{"index":"index","follow":"follow","max-snippet":"max-snippet:-1","max-image-preview":"max-image-preview:large","max-video-preview":"max-video-preview:-1"},"canonical":"https:\/\/www.aecl.ca\/fr\/eacl-et-les-lnc-celebrent-linauguration-des-travaux-dune-nouvelle-installation-de-recherche-nucleaire\/","og_locale":"fr_FR","og_type":"article","og_title":"EACL et les LNC c\u00e9l\u00e8brent l'inauguration des travaux d'une nouvelle installation de recherche nucl\u00e9aire","og_description":"Les chefs de file du secteur nucl\u00e9aire canadien se r\u00e9unissent pour c\u00e9l\u00e9brer la construction d\u2019un Centre de recherche avanc\u00e9e sur les mati\u00e8res nucl\u00e9aires","og_url":"https:\/\/www.aecl.ca\/fr\/eacl-et-les-lnc-celebrent-linauguration-des-travaux-dune-nouvelle-installation-de-recherche-nucleaire\/","og_site_name":"EACL","article_published_time":"2022-12-07T21:02:35+00:00","og_image":[{"width":1400,"height":998,"url":"https:\/\/www.aecl.ca\/wp-content\/uploads\/2022\/12\/break-ground.jpg","type":"image\/jpeg"}],"author":"Kristy Smith","twitter_card":"summary_large_image","twitter_creator":"@AECL_EACL","twitter_site":"@AECL_EACL","twitter_misc":{"\u00c9crit par":"Kristy Smith"},"schema":{"@context":"https:\/\/schema.org","@graph":[{"@type":"Article","@id":"https:\/\/www.aecl.ca\/fr\/eacl-et-les-lnc-celebrent-linauguration-des-travaux-dune-nouvelle-installation-de-recherche-nucleaire\/#article","isPartOf":{"@id":"https:\/\/www.aecl.ca\/fr\/eacl-et-les-lnc-celebrent-linauguration-des-travaux-dune-nouvelle-installation-de-recherche-nucleaire\/"},"author":{"name":"Kristy Smith","@id":"https:\/\/www.aecl.ca\/fr\/#\/schema\/person\/57439d77bd3104adf5468fb4dfe270a8"},"headline":"EACL et les LNC c\u00e9l\u00e8brent l&rsquo;inauguration des travaux d&rsquo;une nouvelle installation de recherche nucl\u00e9aire","datePublished":"2022-12-07T21:02:35+00:00","mainEntityOfPage":{"@id":"https:\/\/www.aecl.ca\/fr\/eacl-et-les-lnc-celebrent-linauguration-des-travaux-dune-nouvelle-installation-de-recherche-nucleaire\/"},"wordCount":584,"publisher":{"@id":"https:\/\/www.aecl.ca\/fr\/#organization"},"image":{"@id":"https:\/\/www.aecl.ca\/fr\/eacl-et-les-lnc-celebrent-linauguration-des-travaux-dune-nouvelle-installation-de-recherche-nucleaire\/#primaryimage"},"thumbnailUrl":"https:\/\/www.aecl.ca\/wp-content\/uploads\/2022\/12\/break-ground.jpg","articleSection":["Chalk River"],"inLanguage":"fr-FR"},{"@type":"WebPage","@id":"https:\/\/www.aecl.ca\/fr\/eacl-et-les-lnc-celebrent-linauguration-des-travaux-dune-nouvelle-installation-de-recherche-nucleaire\/","url":"https:\/\/www.aecl.ca\/fr\/eacl-et-les-lnc-celebrent-linauguration-des-travaux-dune-nouvelle-installation-de-recherche-nucleaire\/","name":"EACL et les LNC c\u00e9l\u00e8brent l'inauguration des travaux d'une nouvelle installation de recherche nucl\u00e9aire - EACL","isPartOf":{"@id":"https:\/\/www.aecl.ca\/fr\/#website"},"primaryImageOfPage":{"@id":"https:\/\/www.aecl.ca\/fr\/eacl-et-les-lnc-celebrent-linauguration-des-travaux-dune-nouvelle-installation-de-recherche-nucleaire\/#primaryimage"},"image":{"@id":"https:\/\/www.aecl.ca\/fr\/eacl-et-les-lnc-celebrent-linauguration-des-travaux-dune-nouvelle-installation-de-recherche-nucleaire\/#primaryimage"},"thumbnailUrl":"https:\/\/www.aecl.ca\/wp-content\/uploads\/2022\/12\/break-ground.jpg","datePublished":"2022-12-07T21:02:35+00:00","description":"Les chefs de file du secteur nucl\u00e9aire canadien se r\u00e9unissent pour c\u00e9l\u00e9brer la construction d\u2019un Centre de recherche avanc\u00e9e sur les mati\u00e8res nucl\u00e9aires","breadcrumb":{"@id":"https:\/\/www.aecl.ca\/fr\/eacl-et-les-lnc-celebrent-linauguration-des-travaux-dune-nouvelle-installation-de-recherche-nucleaire\/#breadcrumb"},"inLanguage":"fr-FR","potentialAction":[{"@type":"ReadAction","target":["https:\/\/www.aecl.ca\/fr\/eacl-et-les-lnc-celebrent-linauguration-des-travaux-dune-nouvelle-installation-de-recherche-nucleaire\/"]}]},{"@type":"ImageObject","inLanguage":"fr-FR","@id":"https:\/\/www.aecl.ca\/fr\/eacl-et-les-lnc-celebrent-linauguration-des-travaux-dune-nouvelle-installation-de-recherche-nucleaire\/#primaryimage","url":"https:\/\/www.aecl.ca\/wp-content\/uploads\/2022\/12\/break-ground.jpg","contentUrl":"https:\/\/www.aecl.ca\/wp-content\/uploads\/2022\/12\/break-ground.jpg","width":1400,"height":998},{"@type":"BreadcrumbList","@id":"https:\/\/www.aecl.ca\/fr\/eacl-et-les-lnc-celebrent-linauguration-des-travaux-dune-nouvelle-installation-de-recherche-nucleaire\/#breadcrumb","itemListElement":[{"@type":"ListItem","position":1,"name":"Home","item":"https:\/\/www.aecl.ca\/fr\/"},{"@type":"ListItem","position":2,"name":"EACL et les LNC c\u00e9l\u00e8brent l&#8217;inauguration des travaux d&#8217;une nouvelle installation de recherche nucl\u00e9aire"}]},{"@type":"WebSite","@id":"https:\/\/www.aecl.ca\/fr\/#website","url":"https:\/\/www.aecl.ca\/fr\/","name":"EACL","description":"\u00c9nergie atomique du Canada limit\u00e9e","publisher":{"@id":"https:\/\/www.aecl.ca\/fr\/#organization"},"potentialAction":[{"@type":"SearchAction","target":{"@type":"EntryPoint","urlTemplate":"https:\/\/www.aecl.ca\/fr\/?s={search_term_string}"},"query-input":{"@type":"PropertyValueSpecification","valueRequired":true,"valueName":"search_term_string"}}],"inLanguage":"fr-FR"},{"@type":"Organization","@id":"https:\/\/www.aecl.ca\/fr\/#organization","name":"Atomic Energy Canada Limited AECL","url":"https:\/\/www.aecl.ca\/fr\/","logo":{"@type":"ImageObject","inLanguage":"fr-FR","@id":"https:\/\/www.aecl.ca\/fr\/#\/schema\/logo\/image\/","url":"https:\/\/www.aecl.ca\/wp-content\/uploads\/2019\/01\/AECL-Stacked-Blue.png","contentUrl":"https:\/\/www.aecl.ca\/wp-content\/uploads\/2019\/01\/AECL-Stacked-Blue.png","width":1600,"height":560,"caption":"Atomic Energy Canada Limited AECL"},"image":{"@id":"https:\/\/www.aecl.ca\/fr\/#\/schema\/logo\/image\/"},"sameAs":["https:\/\/x.com\/AECL_EACL","https:\/\/www.linkedin.com\/company\/aecl"]},{"@type":"Person","@id":"https:\/\/www.aecl.ca\/fr\/#\/schema\/person\/57439d77bd3104adf5468fb4dfe270a8","name":"Kristy Smith","image":{"@type":"ImageObject","inLanguage":"fr-FR","@id":"https:\/\/www.aecl.ca\/fr\/#\/schema\/person\/image\/","url":"https:\/\/secure.gravatar.com\/avatar\/e7e2ed8393130c6c26d80dc2c1e3988989cc12a6203fd97d6a470eb0a7db4a8e?s=96&d=mm&r=g","contentUrl":"https:\/\/secure.gravatar.com\/avatar\/e7e2ed8393130c6c26d80dc2c1e3988989cc12a6203fd97d6a470eb0a7db4a8e?s=96&d=mm&r=g","caption":"Kristy Smith"}}]}},"_links":{"self":[{"href":"https:\/\/www.aecl.ca\/fr\/wp-json\/wp\/v2\/posts\/122934","targetHints":{"allow":["GET"]}}],"collection":[{"href":"https:\/\/www.aecl.ca\/fr\/wp-json\/wp\/v2\/posts"}],"about":[{"href":"https:\/\/www.aecl.ca\/fr\/wp-json\/wp\/v2\/types\/post"}],"author":[{"embeddable":true,"href":"https:\/\/www.aecl.ca\/fr\/wp-json\/wp\/v2\/users\/10"}],"replies":[{"embeddable":true,"href":"https:\/\/www.aecl.ca\/fr\/wp-json\/wp\/v2\/comments?post=122934"}],"version-history":[{"count":0,"href":"https:\/\/www.aecl.ca\/fr\/wp-json\/wp\/v2\/posts\/122934\/revisions"}],"wp:featuredmedia":[{"embeddable":true,"href":"https:\/\/www.aecl.ca\/fr\/wp-json\/wp\/v2\/media\/122933"}],"wp:attachment":[{"href":"https:\/\/www.aecl.ca\/fr\/wp-json\/wp\/v2\/media?parent=122934"}],"wp:term":[{"taxonomy":"category","embeddable":true,"href":"https:\/\/www.aecl.ca\/fr\/wp-json\/wp\/v2\/categories?post=122934"},{"taxonomy":"post_tag","embeddable":true,"href":"https:\/\/www.aecl.ca\/fr\/wp-json\/wp\/v2\/tags?post=122934"}],"curies":[{"name":"wp","href":"https:\/\/api.w.org\/{rel}","templated":true}]}}