{"id":124755,"date":"2024-02-09T10:18:00","date_gmt":"2024-02-09T15:18:00","guid":{"rendered":"https:\/\/www.aecl.ca\/?p=124755"},"modified":"2024-02-09T10:18:00","modified_gmt":"2024-02-09T15:18:00","slug":"fred-dermarkar-renomme-au-poste-de-president-et-pdg-de-leacl","status":"publish","type":"post","link":"https:\/\/www.aecl.ca\/fr\/fred-dermarkar-renomme-au-poste-de-president-et-pdg-de-leacl\/","title":{"rendered":"Fred\u00a0Dermarkar renomm\u00e9 au poste de pr\u00e9sident et PDG de l\u2019EACL."},"content":{"rendered":"<p>Le 8\u00a0f\u00e9vrier\u00a02024, le gouvernement du Canada a re nomm\u00e9 Fred Dermarkar pour un deuxi\u00e8me mandat de trois ans \u00e0 titre de pr\u00e9sident et pr\u00e9sident-directeur g\u00e9n\u00e9ral (PDG) d&rsquo;\u00c9nergie atomique du Canada limit\u00e9e (EACL).<\/p>\n<p>\u00ab\u00a0Je suis heureux que Fred continue \u00e0 diriger EACL en cette p\u00e9riode passionnante pour le nucl\u00e9aire au Canada\u00a0\u00bb, a d\u00e9clar\u00e9 Jim Burpee, pr\u00e9sident du conseil d\u2019administration d\u2019EACL.\u00a0 \u00ab\u00a0Sa connaissance approfondie de l\u2019industrie et son exp\u00e9rience directe nous garantissent une main ferme alors que nous cherchons \u00e0 tirer pleinement parti de l\u2019expertise nucl\u00e9aire r\u00e9volutionnaire du Canada pour innover dans les domaines de l\u2019\u00e9nergie propre, des sciences de la sant\u00e9 et de l\u2019assainissement de l\u2019environnement\u00a0\u00bb.<\/p>\n<p>Dermarkar travaille dans l\u2019industrie nucl\u00e9aire canadienne depuis pr\u00e8s de 40\u00a0ans.\u00a0 Il s\u2019est joint \u00e0 EACL en 2021, apr\u00e8s sept ans \u00e0 titre de pr\u00e9sident et chef de la direction du Groupe des propri\u00e9taires de CANDU (COG), o\u00f9 il \u00e9tait charg\u00e9 de faire progresser la collaboration entre les exploitants de CANDU \u00e0 l\u2019\u00e9chelle mondiale.\u00a0 Auparavant, il a occup\u00e9 divers postes aupr\u00e8s d\u2019Ontario Power Generation (OPG) pour soutenir la conception, la mise en service, l\u2019exploitation et la remise \u00e0 neuf de ses r\u00e9acteurs CANDU.<\/p>\n<p>\u00ab\u00a0Au cours de mon premier mandat, je suis fier des progr\u00e8s r\u00e9alis\u00e9s par les Laboratoires nucl\u00e9aires canadiens dans l\u2019accomplissement de leurs mandats en mati\u00e8re de science nucl\u00e9aire et d\u2019assainissement de l\u2019environnement, notamment les r\u00e9alisations majeures telles que la revitalisation du campus de Chalk River, l\u2019approbation par la Commission canadienne de s\u00fbret\u00e9 nucl\u00e9aire de la construction d\u2019une installation de stockage en surface \u00e0 Chalk River et l\u2019acc\u00e9l\u00e9ration du nettoyage des d\u00e9chets historiques \u00e0 Port Hope et \u00e0 Port Granby\u00a0\u00bb, a d\u00e9clar\u00e9 M.\u00a0Dermarkar.<\/p>\n<p>\u00ab\u00a0Pour mon deuxi\u00e8me mandat, je me concentrerai sur l\u2019ach\u00e8vement du processus d\u2019approvisionnement et la transition connexe vers le prochain contrat d\u00e9tenu par le gouvernement ou exploit\u00e9 par un entrepreneur, sur la collaboration avec les communaut\u00e9s autochtones locales pour faire progresser la r\u00e9conciliation dans le cadre de notre mission de r\u00e9paration environnementale, sur la collaboration avec le milieu universitaire et la cha\u00eene d\u2019approvisionnement pour faire progresser l\u2019innovation nucl\u00e9aire par l\u2019entremise de nos laboratoires de renomm\u00e9e mondiale sur le site de Chalk River, et sur la progression du renouvellement et du d\u00e9ploiement de la technologie CANDU d\u2019EACL.\u00a0\u00bb a ajout\u00e9 Dermarkar.<\/p>\n<p><strong>\u00c0 propos d\u2019EACL<\/strong><\/p>\n<p>\u00c9nergie atomique du Canada limit\u00e9e (EACL) est une soci\u00e9t\u00e9 d&rsquo;\u00c9tat f\u00e9d\u00e9rale dont le mandat est de cr\u00e9er des d\u00e9bouch\u00e9s nucl\u00e9aires pour le Canada. \u00c9nergie atomique du Canada limit\u00e9e est responsable des sciences et de la technologie nucl\u00e9aires, est propri\u00e9taire des laboratoires de Chalk River et d\u2019autres sites, et g\u00e8re les responsabilit\u00e9s du gouvernement du Canada en mati\u00e8re de d\u00e9chets radioactifs au moyen d\u2019un mod\u00e8le d\u00e9tenu par le gouvernement ou exploit\u00e9 par un entrepreneur qui est ex\u00e9cut\u00e9 par son entrepreneur, Laboratoires nucl\u00e9aires canadiens. EACL continue de d\u00e9tenir la propri\u00e9t\u00e9 intellectuelle de la technologie du r\u00e9acteur CANDU\u00ae au profit des Canadiens.<\/p>\n","protected":false},"excerpt":{"rendered":"<p>Le 8\u00a0f\u00e9vrier\u00a02024, le gouvernement du Canada a re nomm\u00e9 Fred Dermarkar pour un deuxi\u00e8me mandat de trois ans \u00e0 titre de pr\u00e9sident et pr\u00e9sident-directeur g\u00e9n\u00e9ral (PDG) d&rsquo;\u00c9nergie atomique du Canada limit\u00e9e (EACL). \u00ab\u00a0Je suis heureux que Fred continue \u00e0 diriger EACL en cette p\u00e9riode passionnante pour le nucl\u00e9aire au Canada\u00a0\u00bb, a d\u00e9clar\u00e9 Jim Burpee, pr\u00e9sident [&hellip;]<\/p>\n","protected":false},"author":18,"featured_media":124754,"comment_status":"closed","ping_status":"closed","sticky":false,"template":"","format":"standard","meta":{"_acf_changed":false,"_et_pb_use_builder":"","_et_pb_old_content":"","_et_gb_content_width":"","footnotes":""},"categories":[16],"tags":[],"class_list":["post-124755","post","type-post","status-publish","format-standard","has-post-thumbnail","hentry","category-non-classifiee"],"acf":[],"yoast_head":"<!-- This site is optimized with the Yoast SEO Premium plugin v27.1 (Yoast SEO v27.1.1) - https:\/\/yoast.com\/product\/yoast-seo-premium-wordpress\/ -->\n<title>Fred\u00a0Dermarkar renomm\u00e9 au poste de pr\u00e9sident et PDG de l\u2019EACL. - EACL<\/title>\n<meta name=\"description\" content=\"Le 8\u00a0f\u00e9vrier\u00a02024, le gouvernement du Canada a re nomm\u00e9 Fred Dermarkar pour un deuxi\u00e8me mandat de trois ans \u00e0 titre de pr\u00e9sident et pr\u00e9sident-directeur\" \/>\n<meta name=\"robots\" content=\"index, follow, max-snippet:-1, max-image-preview:large, max-video-preview:-1\" \/>\n<link rel=\"canonical\" href=\"https:\/\/www.aecl.ca\/fr\/fred-dermarkar-renomme-au-poste-de-president-et-pdg-de-leacl\/\" \/>\n<meta property=\"og:locale\" content=\"fr_FR\" \/>\n<meta property=\"og:type\" content=\"article\" \/>\n<meta property=\"og:title\" content=\"Fred\u00a0Dermarkar renomm\u00e9 au poste de pr\u00e9sident et PDG de l\u2019EACL.\" \/>\n<meta property=\"og:description\" content=\"Le 8\u00a0f\u00e9vrier\u00a02024, le gouvernement du Canada a re nomm\u00e9 Fred Dermarkar pour un deuxi\u00e8me mandat de trois ans \u00e0 titre de pr\u00e9sident et pr\u00e9sident-directeur\" \/>\n<meta property=\"og:url\" content=\"https:\/\/www.aecl.ca\/fr\/fred-dermarkar-renomme-au-poste-de-president-et-pdg-de-leacl\/\" \/>\n<meta property=\"og:site_name\" content=\"EACL\" \/>\n<meta property=\"article:published_time\" content=\"2024-02-09T15:18:00+00:00\" \/>\n<meta property=\"og:image\" content=\"https:\/\/www.aecl.ca\/wp-content\/uploads\/2024\/02\/Screenshot-2024-02-07-130847.png\" \/>\n\t<meta property=\"og:image:width\" content=\"892\" \/>\n\t<meta property=\"og:image:height\" content=\"875\" \/>\n\t<meta property=\"og:image:type\" content=\"image\/png\" \/>\n<meta name=\"author\" content=\"Rebecca Gouthro\" \/>\n<meta name=\"twitter:card\" content=\"summary_large_image\" \/>\n<meta name=\"twitter:creator\" content=\"@AECL_EACL\" \/>\n<meta name=\"twitter:site\" content=\"@AECL_EACL\" \/>\n<meta name=\"twitter:label1\" content=\"\u00c9crit par\" \/>\n\t<meta name=\"twitter:data1\" content=\"Rebecca Gouthro\" \/>\n\t<meta name=\"twitter:label2\" content=\"Dur\u00e9e de lecture estim\u00e9e\" \/>\n\t<meta name=\"twitter:data2\" content=\"3 minutes\" \/>\n<script type=\"application\/ld+json\" class=\"yoast-schema-graph\">{\"@context\":\"https:\/\/schema.org\",\"@graph\":[{\"@type\":\"Article\",\"@id\":\"https:\/\/www.aecl.ca\/fr\/fred-dermarkar-renomme-au-poste-de-president-et-pdg-de-leacl\/#article\",\"isPartOf\":{\"@id\":\"https:\/\/www.aecl.ca\/fr\/fred-dermarkar-renomme-au-poste-de-president-et-pdg-de-leacl\/\"},\"author\":{\"name\":\"Rebecca Gouthro\",\"@id\":\"https:\/\/www.aecl.ca\/fr\/#\/schema\/person\/3694e9ed353b1465a60179857331a0e4\"},\"headline\":\"Fred\u00a0Dermarkar renomm\u00e9 au poste de pr\u00e9sident et PDG de l\u2019EACL.\",\"datePublished\":\"2024-02-09T15:18:00+00:00\",\"mainEntityOfPage\":{\"@id\":\"https:\/\/www.aecl.ca\/fr\/fred-dermarkar-renomme-au-poste-de-president-et-pdg-de-leacl\/\"},\"wordCount\":565,\"publisher\":{\"@id\":\"https:\/\/www.aecl.ca\/fr\/#organization\"},\"image\":{\"@id\":\"https:\/\/www.aecl.ca\/fr\/fred-dermarkar-renomme-au-poste-de-president-et-pdg-de-leacl\/#primaryimage\"},\"thumbnailUrl\":\"https:\/\/www.aecl.ca\/wp-content\/uploads\/2024\/02\/Screenshot-2024-02-07-130847.png\",\"articleSection\":[\"Non classifi\u00e9(e)\"],\"inLanguage\":\"fr-FR\"},{\"@type\":\"WebPage\",\"@id\":\"https:\/\/www.aecl.ca\/fr\/fred-dermarkar-renomme-au-poste-de-president-et-pdg-de-leacl\/\",\"url\":\"https:\/\/www.aecl.ca\/fr\/fred-dermarkar-renomme-au-poste-de-president-et-pdg-de-leacl\/\",\"name\":\"Fred\u00a0Dermarkar renomm\u00e9 au poste de pr\u00e9sident et PDG de l\u2019EACL. - EACL\",\"isPartOf\":{\"@id\":\"https:\/\/www.aecl.ca\/fr\/#website\"},\"primaryImageOfPage\":{\"@id\":\"https:\/\/www.aecl.ca\/fr\/fred-dermarkar-renomme-au-poste-de-president-et-pdg-de-leacl\/#primaryimage\"},\"image\":{\"@id\":\"https:\/\/www.aecl.ca\/fr\/fred-dermarkar-renomme-au-poste-de-president-et-pdg-de-leacl\/#primaryimage\"},\"thumbnailUrl\":\"https:\/\/www.aecl.ca\/wp-content\/uploads\/2024\/02\/Screenshot-2024-02-07-130847.png\",\"datePublished\":\"2024-02-09T15:18:00+00:00\",\"description\":\"Le 8\u00a0f\u00e9vrier\u00a02024, le gouvernement du Canada a re nomm\u00e9 Fred Dermarkar pour un deuxi\u00e8me mandat de trois ans \u00e0 titre de pr\u00e9sident et pr\u00e9sident-directeur\",\"breadcrumb\":{\"@id\":\"https:\/\/www.aecl.ca\/fr\/fred-dermarkar-renomme-au-poste-de-president-et-pdg-de-leacl\/#breadcrumb\"},\"inLanguage\":\"fr-FR\",\"potentialAction\":[{\"@type\":\"ReadAction\",\"target\":[\"https:\/\/www.aecl.ca\/fr\/fred-dermarkar-renomme-au-poste-de-president-et-pdg-de-leacl\/\"]}]},{\"@type\":\"ImageObject\",\"inLanguage\":\"fr-FR\",\"@id\":\"https:\/\/www.aecl.ca\/fr\/fred-dermarkar-renomme-au-poste-de-president-et-pdg-de-leacl\/#primaryimage\",\"url\":\"https:\/\/www.aecl.ca\/wp-content\/uploads\/2024\/02\/Screenshot-2024-02-07-130847.png\",\"contentUrl\":\"https:\/\/www.aecl.ca\/wp-content\/uploads\/2024\/02\/Screenshot-2024-02-07-130847.png\",\"width\":892,\"height\":875,\"caption\":\"Photo de Fred Dermarkar\"},{\"@type\":\"BreadcrumbList\",\"@id\":\"https:\/\/www.aecl.ca\/fr\/fred-dermarkar-renomme-au-poste-de-president-et-pdg-de-leacl\/#breadcrumb\",\"itemListElement\":[{\"@type\":\"ListItem\",\"position\":1,\"name\":\"Home\",\"item\":\"https:\/\/www.aecl.ca\/fr\/\"},{\"@type\":\"ListItem\",\"position\":2,\"name\":\"Fred\u00a0Dermarkar renomm\u00e9 au poste de pr\u00e9sident et PDG de l\u2019EACL.\"}]},{\"@type\":\"WebSite\",\"@id\":\"https:\/\/www.aecl.ca\/fr\/#website\",\"url\":\"https:\/\/www.aecl.ca\/fr\/\",\"name\":\"EACL\",\"description\":\"\u00c9nergie atomique du Canada limit\u00e9e\",\"publisher\":{\"@id\":\"https:\/\/www.aecl.ca\/fr\/#organization\"},\"potentialAction\":[{\"@type\":\"SearchAction\",\"target\":{\"@type\":\"EntryPoint\",\"urlTemplate\":\"https:\/\/www.aecl.ca\/fr\/?s={search_term_string}\"},\"query-input\":{\"@type\":\"PropertyValueSpecification\",\"valueRequired\":true,\"valueName\":\"search_term_string\"}}],\"inLanguage\":\"fr-FR\"},{\"@type\":\"Organization\",\"@id\":\"https:\/\/www.aecl.ca\/fr\/#organization\",\"name\":\"Atomic Energy Canada Limited AECL\",\"url\":\"https:\/\/www.aecl.ca\/fr\/\",\"logo\":{\"@type\":\"ImageObject\",\"inLanguage\":\"fr-FR\",\"@id\":\"https:\/\/www.aecl.ca\/fr\/#\/schema\/logo\/image\/\",\"url\":\"https:\/\/www.aecl.ca\/wp-content\/uploads\/2019\/01\/AECL-Stacked-Blue.png\",\"contentUrl\":\"https:\/\/www.aecl.ca\/wp-content\/uploads\/2019\/01\/AECL-Stacked-Blue.png\",\"width\":1600,\"height\":560,\"caption\":\"Atomic Energy Canada Limited AECL\"},\"image\":{\"@id\":\"https:\/\/www.aecl.ca\/fr\/#\/schema\/logo\/image\/\"},\"sameAs\":[\"https:\/\/x.com\/AECL_EACL\",\"https:\/\/www.linkedin.com\/company\/aecl\"]},{\"@type\":\"Person\",\"@id\":\"https:\/\/www.aecl.ca\/fr\/#\/schema\/person\/3694e9ed353b1465a60179857331a0e4\",\"name\":\"Rebecca Gouthro\",\"image\":{\"@type\":\"ImageObject\",\"inLanguage\":\"fr-FR\",\"@id\":\"https:\/\/www.aecl.ca\/fr\/#\/schema\/person\/image\/\",\"url\":\"https:\/\/secure.gravatar.com\/avatar\/db831d91301468696c5c5892ee70029e1de503f5c92b2d2516c01357430d02e1?s=96&d=mm&r=g\",\"contentUrl\":\"https:\/\/secure.gravatar.com\/avatar\/db831d91301468696c5c5892ee70029e1de503f5c92b2d2516c01357430d02e1?s=96&d=mm&r=g\",\"caption\":\"Rebecca Gouthro\"}}]}<\/script>\n<!-- \/ Yoast SEO Premium plugin. -->","yoast_head_json":{"title":"Fred\u00a0Dermarkar renomm\u00e9 au poste de pr\u00e9sident et PDG de l\u2019EACL. - EACL","description":"Le 8\u00a0f\u00e9vrier\u00a02024, le gouvernement du Canada a re nomm\u00e9 Fred Dermarkar pour un deuxi\u00e8me mandat de trois ans \u00e0 titre de pr\u00e9sident et pr\u00e9sident-directeur","robots":{"index":"index","follow":"follow","max-snippet":"max-snippet:-1","max-image-preview":"max-image-preview:large","max-video-preview":"max-video-preview:-1"},"canonical":"https:\/\/www.aecl.ca\/fr\/fred-dermarkar-renomme-au-poste-de-president-et-pdg-de-leacl\/","og_locale":"fr_FR","og_type":"article","og_title":"Fred\u00a0Dermarkar renomm\u00e9 au poste de pr\u00e9sident et PDG de l\u2019EACL.","og_description":"Le 8\u00a0f\u00e9vrier\u00a02024, le gouvernement du Canada a re nomm\u00e9 Fred Dermarkar pour un deuxi\u00e8me mandat de trois ans \u00e0 titre de pr\u00e9sident et pr\u00e9sident-directeur","og_url":"https:\/\/www.aecl.ca\/fr\/fred-dermarkar-renomme-au-poste-de-president-et-pdg-de-leacl\/","og_site_name":"EACL","article_published_time":"2024-02-09T15:18:00+00:00","og_image":[{"width":892,"height":875,"url":"https:\/\/www.aecl.ca\/wp-content\/uploads\/2024\/02\/Screenshot-2024-02-07-130847.png","type":"image\/png"}],"author":"Rebecca Gouthro","twitter_card":"summary_large_image","twitter_creator":"@AECL_EACL","twitter_site":"@AECL_EACL","twitter_misc":{"\u00c9crit par":"Rebecca Gouthro","Dur\u00e9e de lecture estim\u00e9e":"3 minutes"},"schema":{"@context":"https:\/\/schema.org","@graph":[{"@type":"Article","@id":"https:\/\/www.aecl.ca\/fr\/fred-dermarkar-renomme-au-poste-de-president-et-pdg-de-leacl\/#article","isPartOf":{"@id":"https:\/\/www.aecl.ca\/fr\/fred-dermarkar-renomme-au-poste-de-president-et-pdg-de-leacl\/"},"author":{"name":"Rebecca Gouthro","@id":"https:\/\/www.aecl.ca\/fr\/#\/schema\/person\/3694e9ed353b1465a60179857331a0e4"},"headline":"Fred\u00a0Dermarkar renomm\u00e9 au poste de pr\u00e9sident et PDG de l\u2019EACL.","datePublished":"2024-02-09T15:18:00+00:00","mainEntityOfPage":{"@id":"https:\/\/www.aecl.ca\/fr\/fred-dermarkar-renomme-au-poste-de-president-et-pdg-de-leacl\/"},"wordCount":565,"publisher":{"@id":"https:\/\/www.aecl.ca\/fr\/#organization"},"image":{"@id":"https:\/\/www.aecl.ca\/fr\/fred-dermarkar-renomme-au-poste-de-president-et-pdg-de-leacl\/#primaryimage"},"thumbnailUrl":"https:\/\/www.aecl.ca\/wp-content\/uploads\/2024\/02\/Screenshot-2024-02-07-130847.png","articleSection":["Non classifi\u00e9(e)"],"inLanguage":"fr-FR"},{"@type":"WebPage","@id":"https:\/\/www.aecl.ca\/fr\/fred-dermarkar-renomme-au-poste-de-president-et-pdg-de-leacl\/","url":"https:\/\/www.aecl.ca\/fr\/fred-dermarkar-renomme-au-poste-de-president-et-pdg-de-leacl\/","name":"Fred\u00a0Dermarkar renomm\u00e9 au poste de pr\u00e9sident et PDG de l\u2019EACL. - EACL","isPartOf":{"@id":"https:\/\/www.aecl.ca\/fr\/#website"},"primaryImageOfPage":{"@id":"https:\/\/www.aecl.ca\/fr\/fred-dermarkar-renomme-au-poste-de-president-et-pdg-de-leacl\/#primaryimage"},"image":{"@id":"https:\/\/www.aecl.ca\/fr\/fred-dermarkar-renomme-au-poste-de-president-et-pdg-de-leacl\/#primaryimage"},"thumbnailUrl":"https:\/\/www.aecl.ca\/wp-content\/uploads\/2024\/02\/Screenshot-2024-02-07-130847.png","datePublished":"2024-02-09T15:18:00+00:00","description":"Le 8\u00a0f\u00e9vrier\u00a02024, le gouvernement du Canada a re nomm\u00e9 Fred Dermarkar pour un deuxi\u00e8me mandat de trois ans \u00e0 titre de pr\u00e9sident et pr\u00e9sident-directeur","breadcrumb":{"@id":"https:\/\/www.aecl.ca\/fr\/fred-dermarkar-renomme-au-poste-de-president-et-pdg-de-leacl\/#breadcrumb"},"inLanguage":"fr-FR","potentialAction":[{"@type":"ReadAction","target":["https:\/\/www.aecl.ca\/fr\/fred-dermarkar-renomme-au-poste-de-president-et-pdg-de-leacl\/"]}]},{"@type":"ImageObject","inLanguage":"fr-FR","@id":"https:\/\/www.aecl.ca\/fr\/fred-dermarkar-renomme-au-poste-de-president-et-pdg-de-leacl\/#primaryimage","url":"https:\/\/www.aecl.ca\/wp-content\/uploads\/2024\/02\/Screenshot-2024-02-07-130847.png","contentUrl":"https:\/\/www.aecl.ca\/wp-content\/uploads\/2024\/02\/Screenshot-2024-02-07-130847.png","width":892,"height":875,"caption":"Photo de Fred Dermarkar"},{"@type":"BreadcrumbList","@id":"https:\/\/www.aecl.ca\/fr\/fred-dermarkar-renomme-au-poste-de-president-et-pdg-de-leacl\/#breadcrumb","itemListElement":[{"@type":"ListItem","position":1,"name":"Home","item":"https:\/\/www.aecl.ca\/fr\/"},{"@type":"ListItem","position":2,"name":"Fred\u00a0Dermarkar renomm\u00e9 au poste de pr\u00e9sident et PDG de l\u2019EACL."}]},{"@type":"WebSite","@id":"https:\/\/www.aecl.ca\/fr\/#website","url":"https:\/\/www.aecl.ca\/fr\/","name":"EACL","description":"\u00c9nergie atomique du Canada limit\u00e9e","publisher":{"@id":"https:\/\/www.aecl.ca\/fr\/#organization"},"potentialAction":[{"@type":"SearchAction","target":{"@type":"EntryPoint","urlTemplate":"https:\/\/www.aecl.ca\/fr\/?s={search_term_string}"},"query-input":{"@type":"PropertyValueSpecification","valueRequired":true,"valueName":"search_term_string"}}],"inLanguage":"fr-FR"},{"@type":"Organization","@id":"https:\/\/www.aecl.ca\/fr\/#organization","name":"Atomic Energy Canada Limited AECL","url":"https:\/\/www.aecl.ca\/fr\/","logo":{"@type":"ImageObject","inLanguage":"fr-FR","@id":"https:\/\/www.aecl.ca\/fr\/#\/schema\/logo\/image\/","url":"https:\/\/www.aecl.ca\/wp-content\/uploads\/2019\/01\/AECL-Stacked-Blue.png","contentUrl":"https:\/\/www.aecl.ca\/wp-content\/uploads\/2019\/01\/AECL-Stacked-Blue.png","width":1600,"height":560,"caption":"Atomic Energy Canada Limited AECL"},"image":{"@id":"https:\/\/www.aecl.ca\/fr\/#\/schema\/logo\/image\/"},"sameAs":["https:\/\/x.com\/AECL_EACL","https:\/\/www.linkedin.com\/company\/aecl"]},{"@type":"Person","@id":"https:\/\/www.aecl.ca\/fr\/#\/schema\/person\/3694e9ed353b1465a60179857331a0e4","name":"Rebecca Gouthro","image":{"@type":"ImageObject","inLanguage":"fr-FR","@id":"https:\/\/www.aecl.ca\/fr\/#\/schema\/person\/image\/","url":"https:\/\/secure.gravatar.com\/avatar\/db831d91301468696c5c5892ee70029e1de503f5c92b2d2516c01357430d02e1?s=96&d=mm&r=g","contentUrl":"https:\/\/secure.gravatar.com\/avatar\/db831d91301468696c5c5892ee70029e1de503f5c92b2d2516c01357430d02e1?s=96&d=mm&r=g","caption":"Rebecca Gouthro"}}]}},"_links":{"self":[{"href":"https:\/\/www.aecl.ca\/fr\/wp-json\/wp\/v2\/posts\/124755","targetHints":{"allow":["GET"]}}],"collection":[{"href":"https:\/\/www.aecl.ca\/fr\/wp-json\/wp\/v2\/posts"}],"about":[{"href":"https:\/\/www.aecl.ca\/fr\/wp-json\/wp\/v2\/types\/post"}],"author":[{"embeddable":true,"href":"https:\/\/www.aecl.ca\/fr\/wp-json\/wp\/v2\/users\/18"}],"replies":[{"embeddable":true,"href":"https:\/\/www.aecl.ca\/fr\/wp-json\/wp\/v2\/comments?post=124755"}],"version-history":[{"count":0,"href":"https:\/\/www.aecl.ca\/fr\/wp-json\/wp\/v2\/posts\/124755\/revisions"}],"wp:featuredmedia":[{"embeddable":true,"href":"https:\/\/www.aecl.ca\/fr\/wp-json\/wp\/v2\/media\/124754"}],"wp:attachment":[{"href":"https:\/\/www.aecl.ca\/fr\/wp-json\/wp\/v2\/media?parent=124755"}],"wp:term":[{"taxonomy":"category","embeddable":true,"href":"https:\/\/www.aecl.ca\/fr\/wp-json\/wp\/v2\/categories?post=124755"},{"taxonomy":"post_tag","embeddable":true,"href":"https:\/\/www.aecl.ca\/fr\/wp-json\/wp\/v2\/tags?post=124755"}],"curies":[{"name":"wp","href":"https:\/\/api.w.org\/{rel}","templated":true}]}}