{"id":125804,"date":"2025-07-23T13:01:21","date_gmt":"2025-07-23T17:01:21","guid":{"rendered":"https:\/\/www.aecl.ca\/?p=125804"},"modified":"2025-07-28T13:02:36","modified_gmt":"2025-07-28T17:02:36","slug":"le-president-et-directeur-general-deacl-fred-dermarkar-nomme-a-la-commission-trilaterale","status":"publish","type":"post","link":"https:\/\/www.aecl.ca\/fr\/le-president-et-directeur-general-deacl-fred-dermarkar-nomme-a-la-commission-trilaterale\/","title":{"rendered":"Le pr\u00e9sident et directeur g\u00e9n\u00e9ral d&rsquo;EACL, Fred Dermarkar, nomm\u00e9 \u00e0 la Commission trilat\u00e9rale"},"content":{"rendered":"<p>Ottawa, Ont. (23 juillet 2025) &#8211; \u00c9nergie atomique du Canada limit\u00e9e (EACL) est heureuse d&rsquo;annoncer que Fred Dermarkar, pr\u00e9sident et directeur g\u00e9n\u00e9ral d&rsquo;EACL, a \u00e9t\u00e9 nomm\u00e9 membre de la section canadienne du <a href=\"https:\/\/www.trilateral.org\/\">Groupe nord-am\u00e9ricain de la Commission trilat\u00e9rale<\/a>.<\/p>\n<p>La Commission trilat\u00e9rale est une organisation mondiale qui, depuis des d\u00e9cennies, rassemble des d\u00e9cideurs politiques de haut niveau, des chefs d&rsquo;entreprise et des repr\u00e9sentants des m\u00e9dias et du monde universitaire afin de discuter et de proposer des solutions \u00e0 certains des probl\u00e8mes les plus complexes au monde. Fond\u00e9e en 1973 par David Rockefeller, la Commission est depuis longtemps un lieu important pour faire \u00e9merger des id\u00e9es et nouer des relations entre diff\u00e9rents secteurs et r\u00e9gions du monde. Son leadership s&rsquo;articule autour de trois piliers : l&rsquo;Am\u00e9rique du Nord, l&rsquo;Europe et l&rsquo;Asie, et comprend un groupe de pays partageant des valeurs communes et un engagement en faveur de l&rsquo;\u00c9tat de droit, des \u00e9conomies et des soci\u00e9t\u00e9s ouvertes, et des principes d\u00e9mocratiques.<\/p>\n<p>Avec plus de 40 ans d&rsquo;exp\u00e9rience \u00e0 la t\u00eate du secteur nucl\u00e9aire canadien, Fred apporte une expertise approfondie et un engagement sans faille en faveur de la collaboration internationale. Depuis 2021, il dirige l&rsquo;EACL dans le domaine de l&rsquo;innovation nucl\u00e9aire, des technologies d&rsquo;\u00e9nergie propre et de la gestion responsable des d\u00e9chets radioactifs et des programmes de d\u00e9classement au Canada.<\/p>\n<p>Avant de rejoindre EACL, Fred a occup\u00e9 le poste de pr\u00e9sident-directeur g\u00e9n\u00e9ral du CANDU\u00ae Owners Group (aujourd&rsquo;hui Conexus Nuclear Inc.), o\u00f9 il a favoris\u00e9 la coop\u00e9ration globale entre les exploitants de r\u00e9acteurs CANDU\u00ae. Au cours de sa carri\u00e8re, il a \u00e9galement occup\u00e9 des postes de direction chez Ontario Power Generation, o\u00f9 il a contribu\u00e9 \u00e0 la conception, \u00e0 l&rsquo;exploitation et \u00e0 la remise \u00e0 neuf des r\u00e9acteurs CANDU\u00ae du Canada.<\/p>\n<p>La nomination de Fred \u00e0 la Commission trilat\u00e9rale t\u00e9moigne de son leadership et de ses avanc\u00e9es dans le secteur nucl\u00e9aire. L&rsquo;EACL le f\u00e9licite pour cette reconnaissance bien m\u00e9rit\u00e9e.<\/p>\n","protected":false},"excerpt":{"rendered":"<p>Ottawa, Ont. (23 juillet 2025) &#8211; \u00c9nergie atomique du Canada limit\u00e9e (EACL) est heureuse d&rsquo;annoncer que Fred Dermarkar, pr\u00e9sident et directeur g\u00e9n\u00e9ral d&rsquo;EACL, a \u00e9t\u00e9 nomm\u00e9 membre de la section canadienne du Groupe nord-am\u00e9ricain de la Commission trilat\u00e9rale. La Commission trilat\u00e9rale est une organisation mondiale qui, depuis des d\u00e9cennies, rassemble des d\u00e9cideurs politiques de haut [&hellip;]<\/p>\n","protected":false},"author":20,"featured_media":0,"comment_status":"closed","ping_status":"closed","sticky":false,"template":"","format":"standard","meta":{"_acf_changed":false,"_et_pb_use_builder":"","_et_pb_old_content":"","_et_gb_content_width":"","footnotes":""},"categories":[16],"tags":[],"class_list":["post-125804","post","type-post","status-publish","format-standard","hentry","category-non-classifiee"],"acf":[],"yoast_head":"<!-- This site is optimized with the Yoast SEO Premium plugin v27.1 (Yoast SEO v27.1.1) - https:\/\/yoast.com\/product\/yoast-seo-premium-wordpress\/ -->\n<title>Le pr\u00e9sident et directeur g\u00e9n\u00e9ral d&#039;EACL, Fred Dermarkar, nomm\u00e9 \u00e0 la Commission trilat\u00e9rale - EACL<\/title>\n<meta name=\"description\" content=\"Ottawa, Ont. (23 juillet 2025) - \u00c9nergie atomique du Canada limit\u00e9e (EACL) est heureuse d&#039;annoncer que Fred Dermarkar, pr\u00e9sident et directeur g\u00e9n\u00e9ral\" \/>\n<meta name=\"robots\" content=\"index, follow, max-snippet:-1, max-image-preview:large, max-video-preview:-1\" \/>\n<link rel=\"canonical\" href=\"https:\/\/www.aecl.ca\/fr\/le-president-et-directeur-general-deacl-fred-dermarkar-nomme-a-la-commission-trilaterale\/\" \/>\n<meta property=\"og:locale\" content=\"fr_FR\" \/>\n<meta property=\"og:type\" content=\"article\" \/>\n<meta property=\"og:title\" content=\"Le pr\u00e9sident et directeur g\u00e9n\u00e9ral d&#039;EACL, Fred Dermarkar, nomm\u00e9 \u00e0 la Commission trilat\u00e9rale\" \/>\n<meta property=\"og:description\" content=\"Ottawa, Ont. (23 juillet 2025) - \u00c9nergie atomique du Canada limit\u00e9e (EACL) est heureuse d&#039;annoncer que Fred Dermarkar, pr\u00e9sident et directeur g\u00e9n\u00e9ral\" \/>\n<meta property=\"og:url\" content=\"https:\/\/www.aecl.ca\/fr\/le-president-et-directeur-general-deacl-fred-dermarkar-nomme-a-la-commission-trilaterale\/\" \/>\n<meta property=\"og:site_name\" content=\"EACL\" \/>\n<meta property=\"article:published_time\" content=\"2025-07-23T17:01:21+00:00\" \/>\n<meta property=\"article:modified_time\" content=\"2025-07-28T17:02:36+00:00\" \/>\n<meta property=\"og:image\" content=\"https:\/\/www.aecl.ca\/wp-content\/uploads\/2019\/01\/AECL-Stacked-Blue.png\" \/>\n\t<meta property=\"og:image:width\" content=\"1600\" \/>\n\t<meta property=\"og:image:height\" content=\"560\" \/>\n\t<meta property=\"og:image:type\" content=\"image\/png\" \/>\n<meta name=\"author\" content=\"Monette Gauvreau\" \/>\n<meta name=\"twitter:card\" content=\"summary_large_image\" \/>\n<meta name=\"twitter:creator\" content=\"@AECL_EACL\" \/>\n<meta name=\"twitter:site\" content=\"@AECL_EACL\" \/>\n<meta name=\"twitter:label1\" content=\"\u00c9crit par\" \/>\n\t<meta name=\"twitter:data1\" content=\"Monette Gauvreau\" \/>\n\t<meta name=\"twitter:label2\" content=\"Dur\u00e9e de lecture estim\u00e9e\" \/>\n\t<meta name=\"twitter:data2\" content=\"2 minutes\" \/>\n<script type=\"application\/ld+json\" class=\"yoast-schema-graph\">{\"@context\":\"https:\/\/schema.org\",\"@graph\":[{\"@type\":\"Article\",\"@id\":\"https:\/\/www.aecl.ca\/fr\/le-president-et-directeur-general-deacl-fred-dermarkar-nomme-a-la-commission-trilaterale\/#article\",\"isPartOf\":{\"@id\":\"https:\/\/www.aecl.ca\/fr\/le-president-et-directeur-general-deacl-fred-dermarkar-nomme-a-la-commission-trilaterale\/\"},\"author\":{\"name\":\"Monette Gauvreau\",\"@id\":\"https:\/\/www.aecl.ca\/fr\/#\/schema\/person\/1cbf818f1c4eb3527da14f72561bbe49\"},\"headline\":\"Le pr\u00e9sident et directeur g\u00e9n\u00e9ral d&rsquo;EACL, Fred Dermarkar, nomm\u00e9 \u00e0 la Commission trilat\u00e9rale\",\"datePublished\":\"2025-07-23T17:01:21+00:00\",\"dateModified\":\"2025-07-28T17:02:36+00:00\",\"mainEntityOfPage\":{\"@id\":\"https:\/\/www.aecl.ca\/fr\/le-president-et-directeur-general-deacl-fred-dermarkar-nomme-a-la-commission-trilaterale\/\"},\"wordCount\":374,\"publisher\":{\"@id\":\"https:\/\/www.aecl.ca\/fr\/#organization\"},\"articleSection\":[\"Non classifi\u00e9(e)\"],\"inLanguage\":\"fr-FR\"},{\"@type\":\"WebPage\",\"@id\":\"https:\/\/www.aecl.ca\/fr\/le-president-et-directeur-general-deacl-fred-dermarkar-nomme-a-la-commission-trilaterale\/\",\"url\":\"https:\/\/www.aecl.ca\/fr\/le-president-et-directeur-general-deacl-fred-dermarkar-nomme-a-la-commission-trilaterale\/\",\"name\":\"Le pr\u00e9sident et directeur g\u00e9n\u00e9ral d'EACL, Fred Dermarkar, nomm\u00e9 \u00e0 la Commission trilat\u00e9rale - EACL\",\"isPartOf\":{\"@id\":\"https:\/\/www.aecl.ca\/fr\/#website\"},\"datePublished\":\"2025-07-23T17:01:21+00:00\",\"dateModified\":\"2025-07-28T17:02:36+00:00\",\"description\":\"Ottawa, Ont. (23 juillet 2025) - \u00c9nergie atomique du Canada limit\u00e9e (EACL) est heureuse d'annoncer que Fred Dermarkar, pr\u00e9sident et directeur g\u00e9n\u00e9ral\",\"breadcrumb\":{\"@id\":\"https:\/\/www.aecl.ca\/fr\/le-president-et-directeur-general-deacl-fred-dermarkar-nomme-a-la-commission-trilaterale\/#breadcrumb\"},\"inLanguage\":\"fr-FR\",\"potentialAction\":[{\"@type\":\"ReadAction\",\"target\":[\"https:\/\/www.aecl.ca\/fr\/le-president-et-directeur-general-deacl-fred-dermarkar-nomme-a-la-commission-trilaterale\/\"]}]},{\"@type\":\"BreadcrumbList\",\"@id\":\"https:\/\/www.aecl.ca\/fr\/le-president-et-directeur-general-deacl-fred-dermarkar-nomme-a-la-commission-trilaterale\/#breadcrumb\",\"itemListElement\":[{\"@type\":\"ListItem\",\"position\":1,\"name\":\"Home\",\"item\":\"https:\/\/www.aecl.ca\/fr\/\"},{\"@type\":\"ListItem\",\"position\":2,\"name\":\"Le pr\u00e9sident et directeur g\u00e9n\u00e9ral d&#8217;EACL, Fred Dermarkar, nomm\u00e9 \u00e0 la Commission trilat\u00e9rale\"}]},{\"@type\":\"WebSite\",\"@id\":\"https:\/\/www.aecl.ca\/fr\/#website\",\"url\":\"https:\/\/www.aecl.ca\/fr\/\",\"name\":\"EACL\",\"description\":\"\u00c9nergie atomique du Canada limit\u00e9e\",\"publisher\":{\"@id\":\"https:\/\/www.aecl.ca\/fr\/#organization\"},\"potentialAction\":[{\"@type\":\"SearchAction\",\"target\":{\"@type\":\"EntryPoint\",\"urlTemplate\":\"https:\/\/www.aecl.ca\/fr\/?s={search_term_string}\"},\"query-input\":{\"@type\":\"PropertyValueSpecification\",\"valueRequired\":true,\"valueName\":\"search_term_string\"}}],\"inLanguage\":\"fr-FR\"},{\"@type\":\"Organization\",\"@id\":\"https:\/\/www.aecl.ca\/fr\/#organization\",\"name\":\"Atomic Energy Canada Limited AECL\",\"url\":\"https:\/\/www.aecl.ca\/fr\/\",\"logo\":{\"@type\":\"ImageObject\",\"inLanguage\":\"fr-FR\",\"@id\":\"https:\/\/www.aecl.ca\/fr\/#\/schema\/logo\/image\/\",\"url\":\"https:\/\/www.aecl.ca\/wp-content\/uploads\/2019\/01\/AECL-Stacked-Blue.png\",\"contentUrl\":\"https:\/\/www.aecl.ca\/wp-content\/uploads\/2019\/01\/AECL-Stacked-Blue.png\",\"width\":1600,\"height\":560,\"caption\":\"Atomic Energy Canada Limited AECL\"},\"image\":{\"@id\":\"https:\/\/www.aecl.ca\/fr\/#\/schema\/logo\/image\/\"},\"sameAs\":[\"https:\/\/x.com\/AECL_EACL\",\"https:\/\/www.linkedin.com\/company\/aecl\"]},{\"@type\":\"Person\",\"@id\":\"https:\/\/www.aecl.ca\/fr\/#\/schema\/person\/1cbf818f1c4eb3527da14f72561bbe49\",\"name\":\"Monette Gauvreau\",\"image\":{\"@type\":\"ImageObject\",\"inLanguage\":\"fr-FR\",\"@id\":\"https:\/\/www.aecl.ca\/fr\/#\/schema\/person\/image\/\",\"url\":\"https:\/\/secure.gravatar.com\/avatar\/ea4378c0ceb58856017bae4addc9caf167d460744125f9d7192bc3d70f265b2e?s=96&d=mm&r=g\",\"contentUrl\":\"https:\/\/secure.gravatar.com\/avatar\/ea4378c0ceb58856017bae4addc9caf167d460744125f9d7192bc3d70f265b2e?s=96&d=mm&r=g\",\"caption\":\"Monette Gauvreau\"}}]}<\/script>\n<!-- \/ Yoast SEO Premium plugin. -->","yoast_head_json":{"title":"Le pr\u00e9sident et directeur g\u00e9n\u00e9ral d'EACL, Fred Dermarkar, nomm\u00e9 \u00e0 la Commission trilat\u00e9rale - EACL","description":"Ottawa, Ont. (23 juillet 2025) - \u00c9nergie atomique du Canada limit\u00e9e (EACL) est heureuse d'annoncer que Fred Dermarkar, pr\u00e9sident et directeur g\u00e9n\u00e9ral","robots":{"index":"index","follow":"follow","max-snippet":"max-snippet:-1","max-image-preview":"max-image-preview:large","max-video-preview":"max-video-preview:-1"},"canonical":"https:\/\/www.aecl.ca\/fr\/le-president-et-directeur-general-deacl-fred-dermarkar-nomme-a-la-commission-trilaterale\/","og_locale":"fr_FR","og_type":"article","og_title":"Le pr\u00e9sident et directeur g\u00e9n\u00e9ral d'EACL, Fred Dermarkar, nomm\u00e9 \u00e0 la Commission trilat\u00e9rale","og_description":"Ottawa, Ont. (23 juillet 2025) - \u00c9nergie atomique du Canada limit\u00e9e (EACL) est heureuse d'annoncer que Fred Dermarkar, pr\u00e9sident et directeur g\u00e9n\u00e9ral","og_url":"https:\/\/www.aecl.ca\/fr\/le-president-et-directeur-general-deacl-fred-dermarkar-nomme-a-la-commission-trilaterale\/","og_site_name":"EACL","article_published_time":"2025-07-23T17:01:21+00:00","article_modified_time":"2025-07-28T17:02:36+00:00","og_image":[{"width":1600,"height":560,"url":"https:\/\/www.aecl.ca\/wp-content\/uploads\/2019\/01\/AECL-Stacked-Blue.png","type":"image\/png"}],"author":"Monette Gauvreau","twitter_card":"summary_large_image","twitter_creator":"@AECL_EACL","twitter_site":"@AECL_EACL","twitter_misc":{"\u00c9crit par":"Monette Gauvreau","Dur\u00e9e de lecture estim\u00e9e":"2 minutes"},"schema":{"@context":"https:\/\/schema.org","@graph":[{"@type":"Article","@id":"https:\/\/www.aecl.ca\/fr\/le-president-et-directeur-general-deacl-fred-dermarkar-nomme-a-la-commission-trilaterale\/#article","isPartOf":{"@id":"https:\/\/www.aecl.ca\/fr\/le-president-et-directeur-general-deacl-fred-dermarkar-nomme-a-la-commission-trilaterale\/"},"author":{"name":"Monette Gauvreau","@id":"https:\/\/www.aecl.ca\/fr\/#\/schema\/person\/1cbf818f1c4eb3527da14f72561bbe49"},"headline":"Le pr\u00e9sident et directeur g\u00e9n\u00e9ral d&rsquo;EACL, Fred Dermarkar, nomm\u00e9 \u00e0 la Commission trilat\u00e9rale","datePublished":"2025-07-23T17:01:21+00:00","dateModified":"2025-07-28T17:02:36+00:00","mainEntityOfPage":{"@id":"https:\/\/www.aecl.ca\/fr\/le-president-et-directeur-general-deacl-fred-dermarkar-nomme-a-la-commission-trilaterale\/"},"wordCount":374,"publisher":{"@id":"https:\/\/www.aecl.ca\/fr\/#organization"},"articleSection":["Non classifi\u00e9(e)"],"inLanguage":"fr-FR"},{"@type":"WebPage","@id":"https:\/\/www.aecl.ca\/fr\/le-president-et-directeur-general-deacl-fred-dermarkar-nomme-a-la-commission-trilaterale\/","url":"https:\/\/www.aecl.ca\/fr\/le-president-et-directeur-general-deacl-fred-dermarkar-nomme-a-la-commission-trilaterale\/","name":"Le pr\u00e9sident et directeur g\u00e9n\u00e9ral d'EACL, Fred Dermarkar, nomm\u00e9 \u00e0 la Commission trilat\u00e9rale - EACL","isPartOf":{"@id":"https:\/\/www.aecl.ca\/fr\/#website"},"datePublished":"2025-07-23T17:01:21+00:00","dateModified":"2025-07-28T17:02:36+00:00","description":"Ottawa, Ont. (23 juillet 2025) - \u00c9nergie atomique du Canada limit\u00e9e (EACL) est heureuse d'annoncer que Fred Dermarkar, pr\u00e9sident et directeur g\u00e9n\u00e9ral","breadcrumb":{"@id":"https:\/\/www.aecl.ca\/fr\/le-president-et-directeur-general-deacl-fred-dermarkar-nomme-a-la-commission-trilaterale\/#breadcrumb"},"inLanguage":"fr-FR","potentialAction":[{"@type":"ReadAction","target":["https:\/\/www.aecl.ca\/fr\/le-president-et-directeur-general-deacl-fred-dermarkar-nomme-a-la-commission-trilaterale\/"]}]},{"@type":"BreadcrumbList","@id":"https:\/\/www.aecl.ca\/fr\/le-president-et-directeur-general-deacl-fred-dermarkar-nomme-a-la-commission-trilaterale\/#breadcrumb","itemListElement":[{"@type":"ListItem","position":1,"name":"Home","item":"https:\/\/www.aecl.ca\/fr\/"},{"@type":"ListItem","position":2,"name":"Le pr\u00e9sident et directeur g\u00e9n\u00e9ral d&#8217;EACL, Fred Dermarkar, nomm\u00e9 \u00e0 la Commission trilat\u00e9rale"}]},{"@type":"WebSite","@id":"https:\/\/www.aecl.ca\/fr\/#website","url":"https:\/\/www.aecl.ca\/fr\/","name":"EACL","description":"\u00c9nergie atomique du Canada limit\u00e9e","publisher":{"@id":"https:\/\/www.aecl.ca\/fr\/#organization"},"potentialAction":[{"@type":"SearchAction","target":{"@type":"EntryPoint","urlTemplate":"https:\/\/www.aecl.ca\/fr\/?s={search_term_string}"},"query-input":{"@type":"PropertyValueSpecification","valueRequired":true,"valueName":"search_term_string"}}],"inLanguage":"fr-FR"},{"@type":"Organization","@id":"https:\/\/www.aecl.ca\/fr\/#organization","name":"Atomic Energy Canada Limited AECL","url":"https:\/\/www.aecl.ca\/fr\/","logo":{"@type":"ImageObject","inLanguage":"fr-FR","@id":"https:\/\/www.aecl.ca\/fr\/#\/schema\/logo\/image\/","url":"https:\/\/www.aecl.ca\/wp-content\/uploads\/2019\/01\/AECL-Stacked-Blue.png","contentUrl":"https:\/\/www.aecl.ca\/wp-content\/uploads\/2019\/01\/AECL-Stacked-Blue.png","width":1600,"height":560,"caption":"Atomic Energy Canada Limited AECL"},"image":{"@id":"https:\/\/www.aecl.ca\/fr\/#\/schema\/logo\/image\/"},"sameAs":["https:\/\/x.com\/AECL_EACL","https:\/\/www.linkedin.com\/company\/aecl"]},{"@type":"Person","@id":"https:\/\/www.aecl.ca\/fr\/#\/schema\/person\/1cbf818f1c4eb3527da14f72561bbe49","name":"Monette Gauvreau","image":{"@type":"ImageObject","inLanguage":"fr-FR","@id":"https:\/\/www.aecl.ca\/fr\/#\/schema\/person\/image\/","url":"https:\/\/secure.gravatar.com\/avatar\/ea4378c0ceb58856017bae4addc9caf167d460744125f9d7192bc3d70f265b2e?s=96&d=mm&r=g","contentUrl":"https:\/\/secure.gravatar.com\/avatar\/ea4378c0ceb58856017bae4addc9caf167d460744125f9d7192bc3d70f265b2e?s=96&d=mm&r=g","caption":"Monette Gauvreau"}}]}},"_links":{"self":[{"href":"https:\/\/www.aecl.ca\/fr\/wp-json\/wp\/v2\/posts\/125804","targetHints":{"allow":["GET"]}}],"collection":[{"href":"https:\/\/www.aecl.ca\/fr\/wp-json\/wp\/v2\/posts"}],"about":[{"href":"https:\/\/www.aecl.ca\/fr\/wp-json\/wp\/v2\/types\/post"}],"author":[{"embeddable":true,"href":"https:\/\/www.aecl.ca\/fr\/wp-json\/wp\/v2\/users\/20"}],"replies":[{"embeddable":true,"href":"https:\/\/www.aecl.ca\/fr\/wp-json\/wp\/v2\/comments?post=125804"}],"version-history":[{"count":0,"href":"https:\/\/www.aecl.ca\/fr\/wp-json\/wp\/v2\/posts\/125804\/revisions"}],"wp:attachment":[{"href":"https:\/\/www.aecl.ca\/fr\/wp-json\/wp\/v2\/media?parent=125804"}],"wp:term":[{"taxonomy":"category","embeddable":true,"href":"https:\/\/www.aecl.ca\/fr\/wp-json\/wp\/v2\/categories?post=125804"},{"taxonomy":"post_tag","embeddable":true,"href":"https:\/\/www.aecl.ca\/fr\/wp-json\/wp\/v2\/tags?post=125804"}],"curies":[{"name":"wp","href":"https:\/\/api.w.org\/{rel}","templated":true}]}}